{"id":951,"date":"2024-05-29T23:00:44","date_gmt":"2024-05-29T21:00:44","guid":{"rendered":"https:\/\/sportfriendlyproject.com\/?p=951"},"modified":"2025-04-23T16:10:04","modified_gmt":"2025-04-23T14:10:04","slug":"katarzyna-zillmann-fr","status":"publish","type":"post","link":"https:\/\/sportfriendlyproject.com\/fr\/katarzyna-zillmann-es\/","title":{"rendered":"Katarzyna Zillmann"},"content":{"rendered":"\n<h2 class=\"wp-block-heading\"><strong>Remando contra la adversidad: <strong>Katarzyna Zillmann<\/strong><\/strong> <strong>se embarca en una b\u00fasqueda de inclusi\u00f3n e igualdad<\/strong><\/h2>\n\n\n\n<div style=\"height:22px\" aria-hidden=\"true\" class=\"wp-block-spacer\"><\/div>\n\n\n\n<hr class=\"wp-block-separator has-alpha-channel-opacity\"\/>\n\n\n\n<div style=\"height:22px\" aria-hidden=\"true\" class=\"wp-block-spacer\"><\/div>\n\n\n\n<blockquote class=\"wp-block-quote is-layout-flow wp-block-quote-is-layout-flow\">\n<p><em>Su voz resuena en el coraz\u00f3n de Polonia, un pa\u00eds marcado por la creaci\u00f3n de m\u00e1s de 100 \u201cZonas libres de LGBT\u201d en los \u00faltimos a\u00f1os. Dirigidos por organizaciones de ultraderecha, estos municipios y regiones aprobaron resoluciones que permit\u00edan que se les negaran servicios privados (entre otros, el acceso al deporte) a personas LGBTQI+, y as\u00ed sumergieron en un aura de discriminaci\u00f3n y violencia a un tercio del pa\u00eds. Entre una sesi\u00f3n de remo y otra, Zillmann se toma un momento para hablarnos de la resiliencia de los deportistas que se reh\u00fasan a quedarse callados ante la adversidad, tanto dentro como fuera del deporte.<\/em><\/p>\n<\/blockquote>\n\n\n\n<div style=\"height:22px\" aria-hidden=\"true\" class=\"wp-block-spacer\"><\/div>\n\n\n\n<hr class=\"wp-block-separator has-alpha-channel-opacity\"\/>\n\n\n\n<div style=\"height:22px\" aria-hidden=\"true\" class=\"wp-block-spacer\"><\/div>\n\n\n\n<p><strong>Como remera mujer y lesbiana, \u00bfsientes que est\u00e1s remando contra una marea de sexismo y homofobia en el mundo del deporte? \u00bfO te mantienen a flote las corrientes de respeto y solidaridad?<\/strong><\/p>\n\n\n\n<p>Como deportista mujer y lesbiana, el mundo del remo parece un verdadero campo de batalla, con sus desaf\u00edos y sus aliados. Aunque el sexismo y la homofobia siguen estando, me dan fuerzas el respeto y la amistad que creo que predominan en las competencias. Es por eso que participo en campa\u00f1as como la de \u201c<em>Sport Przeciw Homofobii\u201d <\/em>[\u201cEl deporte contra la homofobia\u201d]: para incentivar la inclusi\u00f3n y la tolerancia tanto dentro como fuera de la comunidad deportiva. \u00a1Esa es la batalla que estoy dando ahora!<\/p>\n\n\n\n<div style=\"height:22px\" aria-hidden=\"true\" class=\"wp-block-spacer\"><\/div>\n\n\n\n<p><strong>\u2026 una lucha implacable por generar un cambio positivo en la vida de los deportistas. \u00bfTe parece que visibilizar a los deportistas LGBTQI+ puede afectar las normas sociales m\u00e1s all\u00e1 del \u00e1mbito deportivo?<\/strong><\/p>\n\n\n\n<p>La visibilizaci\u00f3n de los deportistas <em>queer<\/em> es fundamental para repensar las normas sociales y promover una cultura de inclusi\u00f3n. A trav\u00e9s de iniciativas como la campa\u00f1a \u201c<em>Sport Przeciw Homofobii<\/em>\u201d, cuestionamos preconceptos y sentamos las bases para lograr una aceptaci\u00f3n m\u00e1s profunda de todas las identidades. Vernos tener \u00e9xito y ser abiertos en escenarios de gran alcance, como en las Olimp\u00edadas, transmite un mensaje muy potente a todo el mundo: rompe barreras y promueve la comprensi\u00f3n de las personas LGBTQI+ por fuera del \u00e1mbito deportivo. Es un movimiento que trasciende las pistas de carrera, que afecta nuestra forma de relacionarnos en el d\u00eda a d\u00eda y apuntala un cambio positivo en el tejido social. Es un mensaje de unidad que nos hermana.<\/p>\n\n\n\n<figure class=\"wp-block-image size-large\"><img fetchpriority=\"high\" decoding=\"async\" width=\"683\" height=\"1024\" src=\"https:\/\/sportfriendlyproject.com\/wp-content\/uploads\/2024\/05\/Katarzyna-Zillman_1-683x1024.webp\" alt=\"\" class=\"wp-image-952\" srcset=\"https:\/\/sportfriendlyproject.com\/wp-content\/uploads\/2024\/05\/Katarzyna-Zillman_1-683x1024.webp 683w, https:\/\/sportfriendlyproject.com\/wp-content\/uploads\/2024\/05\/Katarzyna-Zillman_1-600x900.webp 600w, https:\/\/sportfriendlyproject.com\/wp-content\/uploads\/2024\/05\/Katarzyna-Zillman_1-200x300.webp 200w, https:\/\/sportfriendlyproject.com\/wp-content\/uploads\/2024\/05\/Katarzyna-Zillman_1-768x1152.webp 768w, https:\/\/sportfriendlyproject.com\/wp-content\/uploads\/2024\/05\/Katarzyna-Zillman_1-1024x1536.webp 1024w, https:\/\/sportfriendlyproject.com\/wp-content\/uploads\/2024\/05\/Katarzyna-Zillman_1-1365x2048.webp 1365w, https:\/\/sportfriendlyproject.com\/wp-content\/uploads\/2024\/05\/Katarzyna-Zillman_1.webp 1500w\" sizes=\"(max-width: 683px) 100vw, 683px\" \/><\/figure>\n\n\n\n<div style=\"height:22px\" aria-hidden=\"true\" class=\"wp-block-spacer\"><\/div>\n\n\n\n<p><strong>Hablando de unidad\u2026 A lo largo de tu carrera deportiva, has ganado medallas tanto en competencias individuales como en equipo. \u00bfCu\u00e1l de las dos formas te parece que logra resultados m\u00e1s veloces?<\/strong><\/p>\n\n\n\n<p>En remo, el camino al \u00e9xito se allana con una mezcla de tes\u00f3n personal y armon\u00eda colectiva. Si bien la excelencia individual sienta las bases, la coordinaci\u00f3n precisa y la fuerza unificada del equipo son las que nos llevan a lograr resultados veloces. Estemos conquistando las aguas en carreras individuales o remando al un\u00edsono en competencias en equipo \u2014como el cuatro <em>scull\u2014<\/em>, la dedicaci\u00f3n, la resiliencia y la habilidad t\u00e9cnica de cada miembro tiene un rol fundamental. Sin embargo, el compromiso compartido y el apoyo incondicional del equipo son los que propulsan nuestro progreso y nos impulsan a la victoria.<\/p>\n\n\n\n<div style=\"height:22px\" aria-hidden=\"true\" class=\"wp-block-spacer\"><\/div>\n\n\n\n<p><strong>Despu\u00e9s de conseguir la medalla de plata en cuatro <\/strong><strong><em>scull<\/em><\/strong><strong> con el equipo de Polonia en los Juegos de Tokio de 2020, aprovechaste tu momento de fama para salir del cl\u00f3set agradeci\u00e9ndole a tu novia. La idea de que los deportes no deber\u00edan estar politizados est\u00e1 bastante instalada. Pero t\u00fa \u00bfconsideras que tu accionar es pol\u00edtico?<\/strong><\/p>\n\n\n\n<p>Salir del cl\u00f3set ante todo el mundo en los Juegos de Tokio de 2020, agradecerle a mi novia despu\u00e9s de conseguir la medalla de plata con el equipo de Polonia, fue un momento importante no solo para m\u00ed, sino tambi\u00e9n para otros que pudieran estarse enfrentando a desaf\u00edos relacionados a su identidad. Ese acto transmite un mensaje poderoso: que puedes ser fiel a tu identidad y al mismo tiempo llegar al m\u00e1s alto nivel deportivo. Es algo que van a ver incluso en pa\u00edses donde se criminaliza el tema. \u00a1Tiene un impacto muy grande! Espero que este tipo de declaraciones de la identidad propia puedan inspirarles coraje y resiliencia a aquellos que est\u00e9n remando contracorriente en sus propias vidas, que les d\u00e9 la seguridad de que no est\u00e1n solos, y de que la aceptaci\u00f3n y el \u00e9xito son alcanzables. Si hace falta hacer pol\u00edtica en el mundo deportivo para lograr un cambio, entonces estoy dispuesta a hacerlo. <em>(risas)<\/em><\/p>\n\n\n\n<div style=\"height:22px\" aria-hidden=\"true\" class=\"wp-block-spacer\"><\/div>\n\n\n\n<p><strong>Mirando para atr\u00e1s y viendo todo lo que lograste, \u00bfqu\u00e9 sue\u00f1as para tu futuro?<\/strong><\/p>\n\n\n\n<p>Creo que mis sue\u00f1os para el futuro van m\u00e1s all\u00e1 de mis objetivos personales en remo. Quiero encontrarme con un panorama deportivo que no solo reconozca que existe la diversidad en todas sus formas, sino que tambi\u00e9n la reciba con los brazos abiertos. Un entorno donde los j\u00f3venes deportistas puedan crecer siendo respetados, donde se los celebre tal cual son, sin importar de d\u00f3nde vengan ni cu\u00e1l sea su identidad. Mi compromiso con los derechos LGBTQI+ es inquebrantable, y espero inspirar a futuras generaciones a que sigan mis pasos: que salgan a defender la igualdad y promover un legado de aceptaci\u00f3n e inclusi\u00f3n. \u00bfQui\u00e9n me sigue?<\/p>\n\n\n\n<div style=\"height:35px\" aria-hidden=\"true\" class=\"wp-block-spacer\"><\/div>\n\n\n\n<p><strong>En cifras:<\/strong><\/p>\n\n\n\n<div style=\"height:22px\" aria-hidden=\"true\" class=\"wp-block-spacer\"><\/div>\n\n\n\n<ul class=\"wp-block-list\">\n<li><strong>9 <\/strong>El n\u00famero de medallas que gan\u00f3: 1 bronce, 4 platas, 4 oros.&nbsp;<\/li>\n<\/ul>\n\n\n\n<div style=\"height:22px\" aria-hidden=\"true\" class=\"wp-block-spacer\"><\/div>\n\n\n\n<ul class=\"wp-block-list\">\n<li><strong>1995 <\/strong>El a\u00f1o de su nacimiento.<\/li>\n<\/ul>\n\n\n\n<div style=\"height:22px\" aria-hidden=\"true\" class=\"wp-block-spacer\"><\/div>\n\n\n\n<ul class=\"wp-block-list\">\n<li><strong>2009<\/strong> La edad que ten\u00eda la primera vez que tom\u00f3 un remo.<\/li>\n<\/ul>\n\n\n\n<div style=\"height:22px\" aria-hidden=\"true\" class=\"wp-block-spacer\"><\/div>\n\n\n\n<ul class=\"wp-block-list\">\n<li><strong>28<\/strong> Su edad actual.<\/li>\n<\/ul>\n\n\n\n<div style=\"height:22px\" aria-hidden=\"true\" class=\"wp-block-spacer\"><\/div>\n\n\n\n<ul class=\"wp-block-list\">\n<li><strong>1<\/strong> Su n\u00famero favorito.<\/li>\n<\/ul>\n\n\n\n<div style=\"height:35px\" aria-hidden=\"true\" class=\"wp-block-spacer\"><\/div>\n\n\n\n<p><strong>Sus palmar\u00e9s:<\/strong><\/p>\n\n\n\n<div style=\"height:22px\" aria-hidden=\"true\" class=\"wp-block-spacer\"><\/div>\n\n\n\n<ul class=\"wp-block-list\">\n<li>1 Juego Ol\u00edmpico&nbsp;<\/li>\n<\/ul>\n\n\n\n<div style=\"height:22px\" aria-hidden=\"true\" class=\"wp-block-spacer\"><\/div>\n\n\n\n<ul class=\"wp-block-list\">\n<li>3 Campeonatos Mundiales&nbsp;<\/li>\n<\/ul>\n\n\n\n<div style=\"height:22px\" aria-hidden=\"true\" class=\"wp-block-spacer\"><\/div>\n\n\n\n<ul class=\"wp-block-list\">\n<li>1 Campeonato Europeo<\/li>\n<\/ul>\n","protected":false},"excerpt":{"rendered":"<p>Remando contra la adversidad: Katarzyna Zillmann se embarca en una b\u00fasqueda de inclusi\u00f3n e igualdad Su voz resuena en el coraz\u00f3n de Polonia, un pa\u00eds marcado por la creaci\u00f3n de m\u00e1s de 100 \u201cZonas libres de LGBT\u201d en los \u00faltimos a\u00f1os. Dirigidos por organizaciones de ultraderecha, estos municipios y regiones aprobaron resoluciones que permit\u00edan que [&hellip;]<\/p>\n","protected":false},"author":2,"featured_media":952,"comment_status":"open","ping_status":"open","sticky":false,"template":"","format":"standard","meta":{"footnotes":""},"categories":[1],"tags":[],"class_list":["post-951","post","type-post","status-publish","format-standard","has-post-thumbnail","hentry","category-entrevistas"],"_links":{"self":[{"href":"https:\/\/sportfriendlyproject.com\/fr\/wp-json\/wp\/v2\/posts\/951","targetHints":{"allow":["GET"]}}],"collection":[{"href":"https:\/\/sportfriendlyproject.com\/fr\/wp-json\/wp\/v2\/posts"}],"about":[{"href":"https:\/\/sportfriendlyproject.com\/fr\/wp-json\/wp\/v2\/types\/post"}],"author":[{"embeddable":true,"href":"https:\/\/sportfriendlyproject.com\/fr\/wp-json\/wp\/v2\/users\/2"}],"replies":[{"embeddable":true,"href":"https:\/\/sportfriendlyproject.com\/fr\/wp-json\/wp\/v2\/comments?post=951"}],"version-history":[{"count":9,"href":"https:\/\/sportfriendlyproject.com\/fr\/wp-json\/wp\/v2\/posts\/951\/revisions"}],"predecessor-version":[{"id":3525,"href":"https:\/\/sportfriendlyproject.com\/fr\/wp-json\/wp\/v2\/posts\/951\/revisions\/3525"}],"wp:featuredmedia":[{"embeddable":true,"href":"https:\/\/sportfriendlyproject.com\/fr\/wp-json\/wp\/v2\/media\/952"}],"wp:attachment":[{"href":"https:\/\/sportfriendlyproject.com\/fr\/wp-json\/wp\/v2\/media?parent=951"}],"wp:term":[{"taxonomy":"category","embeddable":true,"href":"https:\/\/sportfriendlyproject.com\/fr\/wp-json\/wp\/v2\/categories?post=951"},{"taxonomy":"post_tag","embeddable":true,"href":"https:\/\/sportfriendlyproject.com\/fr\/wp-json\/wp\/v2\/tags?post=951"}],"curies":[{"name":"wp","href":"https:\/\/api.w.org\/{rel}","templated":true}]}}