{"id":934,"date":"2024-05-29T22:37:21","date_gmt":"2024-05-29T20:37:21","guid":{"rendered":"https:\/\/sportfriendlyproject.com\/?p=934"},"modified":"2024-11-24T21:54:12","modified_gmt":"2024-11-24T20:54:12","slug":"nicolas-crosta-fr","status":"publish","type":"post","link":"https:\/\/sportfriendlyproject.com\/fr\/nicolas-crosta\/","title":{"rendered":"Nicol\u00e1s Crosta"},"content":{"rendered":"<h2 class=\"wp-block-heading\">Le  sport  pour une diversit\u00e9 assum\u00e9e!<\/h2>\n\n\n\n<div style=\"height:22px\" aria-hidden=\"true\" class=\"wp-block-spacer\"><\/div>\n\n\n\n<p>\u00c0 quarante ans, il est l\u2019un des quatre repr\u00e9sentants de l\u2019\u00e9quipe argentine de paracano\u00eb. Il s\u2019est consacr\u00e9 \u00e0 la natation et \u00e0 l'aviron depuis son enfance ; aujourd\u2019hui, il se place parmi les huit meilleurs du monde en cano\u00eb-kayak. Un parcours qui incarne le r\u00eave paralympique et qui prouve que rien n\u2019est impossible. Du Circuit national de cano\u00eb-kayak et centre de sports nautiques de Buenos Aires \u00e0 la qualification pour les Jeux Paralympiques de Paris 2024, Nicol\u00e1s Crosta nous embarque dans ses confidences avec la m\u00eame passion que dans son cano\u00eb.<\/p>\n\n\n\n<div style=\"height:22px\" aria-hidden=\"true\" class=\"wp-block-spacer\"><\/div>\n\n\n\n<p><strong>Il y a des gens qui utilisent le mot \u00ab handicap \u00bb, alors que d\u2019autres pr\u00e9f\u00e8rent parler de \u00ab capacit\u00e9s diverses \u00bb. Quel terme pr\u00e9f\u00e8res-tu pour cette interview ?<\/strong><\/p>\n\n\n\n<p>Personnellement, je n\u2019aime pas le mot \u00ab handicap \u00bb. Je ne me sens pas handicap\u00e9. Mais le terme \u00ab capacit\u00e9s diverses \u00bb ne me pla\u00eet pas non plus. Je me sens une personne comme toutes les autres. Nous sommes diff\u00e9rents, bien entendu, pour autant nous ne sommes pas handicap\u00e9s ; je consid\u00e8re plut\u00f4t que chacun est dou\u00e9 dans son domaine. J\u2019ai commenc\u00e9 \u00e0 nager \u00e0 l\u2019\u00e2ge de quatre ans, car ma s\u0153ur prenait des cours de natation, et je me suis toujours senti \u00e9panoui dans l\u2019eau. C\u2019est un milieu o\u00f9 l\u2019absence de ma jambe ne se fait pas remarquer. Je parle souvent de ma \u00ab non-jambe \u00bb, qui ne repr\u00e9sente pas du tout un obstacle dans l\u2019eau. Si j\u2019\u00e9tais sur un fauteuil roulant, je subirais probablement les \u00e9preuves ou les difficult\u00e9s propres des villes qui ne favorisent pas l\u2019accessibilit\u00e9 des personnes \u00e0 mobilit\u00e9 r\u00e9duite. Mais, dans mon cas, je peux monter ou descendre les escaliers, ainsi que monter dans un bus non-adapt\u00e9. Je me d\u00e9place en toute libert\u00e9. C\u2019est ainsi que je me sens dans l\u2019eau, et m\u00eame encore plus libre.&nbsp;<\/p>\n\n\n\n<div style=\"height:22px\" aria-hidden=\"true\" class=\"wp-block-spacer\"><\/div>\n\n\n\n<p><strong>As-tu l\u2019impression que cette libert\u00e9, aussi bien dans l\u2019eau que dans la vie, te fait ramer \u00e0 contre-courant ?<\/strong><\/p>\n\n\n\n<p>Je suis conscient que j\u2019attire l\u2019attention et j\u2019entends des jugements de valeur concernant ma situation. Il y a peu de temps, un m\u00e9decin que je consultais pour la premi\u00e8re fois m\u2019a dit \u00ab Mon pauvre ! \u00bb quand j\u2019ai r\u00e9pondu \u00e0 sa question sur ce qui \u00e9tait arriv\u00e9 avec ma jambe. Comment \u00e7a, \u00ab Mon pauvre \u00bb ?<s> <\/s>Tout d\u2019abord, je suis reconnaissant d\u2019\u00eatre n\u00e9 ainsi et de ne pas avoir eu un accident \u00e0 l\u2019\u00e2ge de 20 ans. Je n\u2019ai jamais connu le sentiment de \u00ab \u00e7a, je ne peux pas le faire \u00bb. Ce m\u00e9decin n\u2019a aucune id\u00e9e du fait que je m\u2019entra\u00eene six fois par semaine, matin et soir, que je suis tous les jours en salle de sport, que je re\u00e7ois quinze stimuli musculaires par semaine, comme tout sportif de haut niveau. Le fait de ne pas avoir une jambe, mon cher, ne doit pas te faire croire que je suis faible. C\u2019est vraiment triste qu\u2019il y ait des gens qui pensent comme \u00e7a. \u00ab Pauvre \u00bb est celui qui a ce type de pens\u00e9es !<\/p>\n\n\n\n<div style=\"height:22px\" aria-hidden=\"true\" class=\"wp-block-spacer\"><\/div>\n\n\n\n<p><strong>Les comp\u00e9titions sportives doivent refl\u00e9ter toutes nos diversit\u00e9s : sexuelle, sociale, physique, et ne pas \u00eatre juste un dispositif passif. Penses-tu que c'est aux minorit\u00e9s d'aller de l'avant et de revendiquer activement leur participation au sport ?<\/strong><\/p>\n\n\n\n<p>Selon moi, il y a eu \u00e0 cet \u00e9gard des avanc\u00e9es significatives, mais il reste encore du chemin \u00e0 faire, en fonction du milieu sportif et professionnel. Je crois que le changement doit venir d\u2019en haut ; c\u2019est aux instances sportives et politiques de favoriser une plus grande diversit\u00e9 dans le monde sportif. Dans le sport adapt\u00e9, que l\u2019on nomme aussi handisport,<s>s<\/s>nous manquons toujours de ressources, mais aussi de mesures concr\u00e8tes. Juste \u00e0 titre d\u2019exemple, dans le dernier Championnat du monde auquel j\u2019ai particip\u00e9, en Pologne, nous \u00e9tions quatre athl\u00e8tes paralympiques, alors que dans la m\u00eame comp\u00e9tition, on comptait vingt athl\u00e8tes conventionnels. Il existe toujours une in\u00e9galit\u00e9 manifeste en termes d\u2019accessibilit\u00e9 pour le sport adapt\u00e9 si on le compare au sport conventionnel. Il faut absolument que cette situation \u00e9volue vers plus d'\u00e9quit\u00e9. Sans compter qu\u2019en cano\u00eb-kayak, les r\u00e9sultats sont souvent sup\u00e9rieurs dans le sport adapt\u00e9.<\/p>\n\n\n\n<p><em>\u00ab Nous devrions envisager de ne plus utiliser le mot &lt;&quot;inclusion&quot;<\/em><em>&gt;<\/em><em>, car parler d\u2019inclusion implique malheureusement l\u2019existence de l\u2019exclusion... \u00bb<\/em><\/p>\n\n\n\n<figure class=\"wp-block-image size-large\"><img fetchpriority=\"high\" decoding=\"async\" width=\"681\" height=\"1024\" src=\"https:\/\/sportfriendlyproject.com\/wp-content\/uploads\/2024\/05\/Segunda_-Nicolas-Crosta-681x1024.webp\" alt=\"\" class=\"wp-image-935\" srcset=\"https:\/\/sportfriendlyproject.com\/wp-content\/uploads\/2024\/05\/Segunda_-Nicolas-Crosta-681x1024.webp 681w, https:\/\/sportfriendlyproject.com\/wp-content\/uploads\/2024\/05\/Segunda_-Nicolas-Crosta-600x902.webp 600w, https:\/\/sportfriendlyproject.com\/wp-content\/uploads\/2024\/05\/Segunda_-Nicolas-Crosta-200x300.webp 200w, https:\/\/sportfriendlyproject.com\/wp-content\/uploads\/2024\/05\/Segunda_-Nicolas-Crosta-768x1155.webp 768w, https:\/\/sportfriendlyproject.com\/wp-content\/uploads\/2024\/05\/Segunda_-Nicolas-Crosta-1022x1536.webp 1022w, https:\/\/sportfriendlyproject.com\/wp-content\/uploads\/2024\/05\/Segunda_-Nicolas-Crosta-1362x2048.webp 1362w, https:\/\/sportfriendlyproject.com\/wp-content\/uploads\/2024\/05\/Segunda_-Nicolas-Crosta.webp 1500w\" sizes=\"(max-width: 681px) 100vw, 681px\" \/><\/figure>\n\n\n\n<div style=\"height:22px\" aria-hidden=\"true\" class=\"wp-block-spacer\"><\/div>\n\n\n\n<p><strong>L\u2019\u00e9galit\u00e9 est parfois synonyme de victoire. Penses-tu que nous devrions plaider en faveur de la possibilit\u00e9 d'organiser les Jeux olympiques et les Jeux paralympiques simultan\u00e9ment, afin de changer l'approche du public \u00e0 l'\u00e9gard du sport adapt\u00e9 ?<\/strong><\/p>\n\n\n\n<p>Tout \u00e0 fait ! Tout d\u2019abord, en tant que sportif, afin de pouvoir partager l\u2019exp\u00e9rience des Jeux avec les m\u00eames coll\u00e8gues que l\u2019on rencontre lors des Coupes du monde, des Championnats du monde, des Jeux panam\u00e9ricains et des Jeux sud-am\u00e9ricains, o\u00f9 les sports conventionnels et les sports adapt\u00e9s cohabitent dans un seul \u00e9v\u00e8nement. Pourquoi cette coexistence n\u2019est pas possible aux Jeux Olympiques et Paralympiques ? Pourquoi organiser les Jeux olympiques d\u2019abord et les Jeux paralympiques apr\u00e8s ? Nous entendons souvent des arguments concernant la logistique, mais il est peut-\u00eatre temps de s\u2019inspirer des exemples des autres comp\u00e9titions et d\u2019explorer de nouvelles perspectives.<\/p>\n\n\n\n<p><strong>As-tu rencontr\u00e9 dans ta carri\u00e8re des obstacles \u00e0 ton d\u00e9veloppement sportif ?<\/strong><\/p>\n\n\n\n<p>Il est difficile de concilier l'entra\u00eenement intensif et le travail, compte tenu des longues heures consacr\u00e9es \u00e0 la pr\u00e9paration physique. Tout sportif m\u00e9rite un temps de repos n\u00e9cessaire en dehors des entra\u00eenements. Ma routine comprend des s\u00e9ances le matin, suivies de mon travail au bureau ; et apr\u00e8s le bureau, je retourne dans mon cano\u00eb ou en salle de sport. Cela veut dire que je finis mes activit\u00e9s tr\u00e8s tard le soir. Il est parfois difficile de g\u00e9rer cette double charge, mais je n\u2019ai d\u2019autres choix que de travailler pour subvenir \u00e0 mes besoins. J\u2019aimerais pourtant pouvoir me consacrer enti\u00e8rement au sport sans les contraintes du travail. Pour cela, j\u2019ai besoin d\u2019une bourse ou d\u2019un sponsoring. La bourse attribu\u00e9e par le Secr\u00e9tariat national du sport n\u2019est pas suffisante. Pour postuler \u00e0 une bourse de l\u2019ENARD [Entit\u00e9 nationale pour le sport de haut niveau], il est exig\u00e9 d\u2019avoir \u00e9t\u00e9 finaliste dans une Coupe du monde. J\u2019ai atteint la finale une fois, l\u2019ann\u00e9e derni\u00e8re en Pologne, mais c\u2019\u00e9tait un Championnat.<\/p>\n\n\n\n<p><em>\u00ab Je n\u2019ai jamais ressenti le sentiment du \"\u00e7a, je ne peux pas le faire\". \u00bb<\/em><em>&gt;<\/em><em>.\u201d<\/em><\/p>\n\n\n\n<div style=\"height:22px\" aria-hidden=\"true\" class=\"wp-block-spacer\"><\/div>\n\n\n\n<p><strong>La pratique du sport de haut niveau \u00e0 40 ans n\u2019est plus une mode : Roger Federer, Serena Williams, Tiger Woods, Zlatan Ibrahimovic et beaucoup d\u2019autres pratiquent encore leur sport au plus haut niveau. Quels sont tes prochains d\u00e9fis ?<\/strong><\/p>\n\n\n\n<p>Merci de me rappeler que je suis \u00e2g\u00e9, je n\u2019ai que 42 ans <em>(rires).<\/em>Dans le monde du sport adapt\u00e9, il est n\u2019est pas rare que les sportifs participent \u00e0 des comp\u00e9titions \u00e0 un \u00e2ge plus avanc\u00e9, ce qui est souvent d\u00fb \u00e0 des accidents survenus plus tard dans leur vie. L\u2019influence du passage du temps joue un r\u00f4le important. Pour l\u2019instant, mon but est de pers\u00e9v\u00e9rer dans mes entra\u00eenements, car une proc\u00e9dure de s\u00e9lection a \u00e9t\u00e9 ouverte pour d\u00e9terminer mon classement. Les r\u00e9sultats d\u00e9finiront alors qui participera aux Championnats du monde en Hongrie au mois de mai : ma derni\u00e8re chance d\u2019avoir une place dans les Jeux Paralympiques. Et pour l\u2019avenir, j\u2019esp\u00e8re qu\u2019il y aura des Jeux Paralympiques du troisi\u00e8me \u00e2ge <em>(rires).<\/em>.<\/p>\n\n\n\n<div style=\"height:35px\" aria-hidden=\"true\" class=\"wp-block-spacer\"><\/div>\n\n\n\n<p><strong>3 qualit\u00e9s pour \u00eatre athl\u00e8te paralympique :<\/strong><\/p>\n\n\n\n<div style=\"height:22px\" aria-hidden=\"true\" class=\"wp-block-spacer\"><\/div>\n\n\n\n<ul class=\"wp-block-list\">\n<li>La pers\u00e9v\u00e9rance<\/li>\n<\/ul>\n\n\n\n<div style=\"height:22px\" aria-hidden=\"true\" class=\"wp-block-spacer\"><\/div>\n\n\n\n<ul class=\"wp-block-list\">\n<li>La t\u00e9nacit\u00e9<\/li>\n<\/ul>\n\n\n\n<div style=\"height:22px\" aria-hidden=\"true\" class=\"wp-block-spacer\"><\/div>\n\n\n\n<ul class=\"wp-block-list\">\n<li>La r\u00e9silience<\/li>\n<\/ul>\n\n\n\n<div style=\"height:35px\" aria-hidden=\"true\" class=\"wp-block-spacer\"><\/div>\n\n\n\n<p><strong>Ses palmar\u00e8s :<\/strong><\/p>\n\n\n\n<ul class=\"wp-block-list\">\n<li>2 Coupes du monde<\/li>\n<\/ul>\n\n\n\n<div style=\"height:22px\" aria-hidden=\"true\" class=\"wp-block-spacer\"><\/div>\n\n\n\n<ul class=\"wp-block-list\">\n<li>3 Championnats du monde<\/li>\n<\/ul>\n\n\n\n<div style=\"height:22px\" aria-hidden=\"true\" class=\"wp-block-spacer\"><\/div>\n\n\n\n<ul class=\"wp-block-list\">\n<li>2 Championnats sud-am\u00e9ricains<\/li>\n<\/ul>\n\n\n\n<div style=\"height:22px\" aria-hidden=\"true\" class=\"wp-block-spacer\"><\/div>\n\n\n\n<ul class=\"wp-block-list\">\n<li>1 Championnat panam\u00e9ricain<\/li>\n<\/ul>\n\n\n\n<p><\/p>","protected":false},"excerpt":{"rendered":"<p>\u00a1El deporte para una diversidad asumida! Con cuarenta a\u00f1os, es uno de los cuatro representantes de la Selecci\u00f3n Argentina de Paracanotaje. Desde peque\u00f1o se dedic\u00f3 a la nataci\u00f3n y al remo y hoy se encuentra entre los ochos mejores del mundo en canotaje. Una trayectoria que da vida al sue\u00f1o paral\u00edmpico, demostrando que todo es [&hellip;]<\/p>\n","protected":false},"author":2,"featured_media":935,"comment_status":"open","ping_status":"open","sticky":false,"template":"","format":"standard","meta":{"footnotes":""},"categories":[1],"tags":[],"class_list":["post-934","post","type-post","status-publish","format-standard","has-post-thumbnail","hentry","category-entrevistas"],"_links":{"self":[{"href":"https:\/\/sportfriendlyproject.com\/fr\/wp-json\/wp\/v2\/posts\/934","targetHints":{"allow":["GET"]}}],"collection":[{"href":"https:\/\/sportfriendlyproject.com\/fr\/wp-json\/wp\/v2\/posts"}],"about":[{"href":"https:\/\/sportfriendlyproject.com\/fr\/wp-json\/wp\/v2\/types\/post"}],"author":[{"embeddable":true,"href":"https:\/\/sportfriendlyproject.com\/fr\/wp-json\/wp\/v2\/users\/2"}],"replies":[{"embeddable":true,"href":"https:\/\/sportfriendlyproject.com\/fr\/wp-json\/wp\/v2\/comments?post=934"}],"version-history":[{"count":3,"href":"https:\/\/sportfriendlyproject.com\/fr\/wp-json\/wp\/v2\/posts\/934\/revisions"}],"predecessor-version":[{"id":3368,"href":"https:\/\/sportfriendlyproject.com\/fr\/wp-json\/wp\/v2\/posts\/934\/revisions\/3368"}],"wp:featuredmedia":[{"embeddable":true,"href":"https:\/\/sportfriendlyproject.com\/fr\/wp-json\/wp\/v2\/media\/935"}],"wp:attachment":[{"href":"https:\/\/sportfriendlyproject.com\/fr\/wp-json\/wp\/v2\/media?parent=934"}],"wp:term":[{"taxonomy":"category","embeddable":true,"href":"https:\/\/sportfriendlyproject.com\/fr\/wp-json\/wp\/v2\/categories?post=934"},{"taxonomy":"post_tag","embeddable":true,"href":"https:\/\/sportfriendlyproject.com\/fr\/wp-json\/wp\/v2\/tags?post=934"}],"curies":[{"name":"wp","href":"https:\/\/api.w.org\/{rel}","templated":true}]}}