{"id":1480,"date":"2024-06-06T10:50:43","date_gmt":"2024-06-06T08:50:43","guid":{"rendered":"https:\/\/sportfriendlyproject.com\/?p=1480"},"modified":"2025-04-23T16:01:46","modified_gmt":"2025-04-23T14:01:46","slug":"alexia-cerenys-fr","status":"publish","type":"post","link":"https:\/\/sportfriendlyproject.com\/fr\/alexia-cerenys\/","title":{"rendered":"Alexia Cerenys"},"content":{"rendered":"<h2 class=\"wp-block-heading\"><strong>Alexia Cerenys tacle les pr\u00e9jug\u00e9s !<\/strong> <strong>Perc\u00e9e d\u00e9cisive contre la transphobie.<\/strong><\/h2>\n\n\n\n<div style=\"height:22px\" aria-hidden=\"true\" class=\"wp-block-spacer\"><\/div>\n\n\n\n<hr class=\"wp-block-separator has-alpha-channel-opacity\"\/>\n\n\n\n<div style=\"height:22px\" aria-hidden=\"true\" class=\"wp-block-spacer\"><\/div>\n\n\n\n<p><em>Premi\u00e8re joueuse de rugby transgenre \u00e0 s\u2019\u00eatre impos\u00e9e en \u00e9lite f\u00e9minine, elle a longtemps lutt\u00e9 pour accepter sa v\u00e9ritable identit\u00e9. Membre engag\u00e9e de la commission anti-discrimination de sa f\u00e9d\u00e9ration, elle d\u00e9fend avec passion l'inclusion dans le sport. De ses d\u00e9buts au Stade montois \u00e0 son engagement actuel \u00e0 Lons, Alexia Cerenys nous raconte son parcours hors du commun.<\/em><\/p>\n\n\n\n<div style=\"height:22px\" aria-hidden=\"true\" class=\"wp-block-spacer\"><\/div>\n\n\n\n<hr class=\"wp-block-separator has-alpha-channel-opacity\"\/>\n\n\n\n<div style=\"height:22px\" aria-hidden=\"true\" class=\"wp-block-spacer\"><\/div>\n\n\n\n<p><strong>Tu as eu le sentiment tr\u00e8s t\u00f4t de te sentir femme. Tu l'as pourtant laiss\u00e9e sur le banc de touche pendant de nombreuses ann\u00e9es. Comment as-tu v\u00e9cu cette \u00e9preuve et quelle place le rugby a-t-il occup\u00e9 ?<\/strong><\/p>\n\n\n\n<p>Ce double jeu que nous vivons en tant que personnes trans est souvent incompris, et cela peut prendre des ann\u00e9es avant de le comprendre soi-m\u00eame pleinement. Pour ma part, il m'a fallu 25 ans pour r\u00e9aliser ma v\u00e9rit\u00e9. Depuis mes plus jeunes souvenirs, vers l'\u00e2ge de 6 ou 7 ans, je me questionnais sur mon identit\u00e9 de genre, mais je cachais mes sentiments en me conformant aux attentes sociales et le sport \u00e9tait un moyen de canaliser mes \u00e9motions. Je voyais alors le rugby comme un sport viril et obtenir un contrat professionnel \u00e9tait pour moi une fa\u00e7on de prouver ma masculinit\u00e9. Pendant la saison, je mettais de c\u00f4t\u00e9 ma f\u00e9minit\u00e9, mais elle refaisait surface pendant les vacances, quand je me retrouvais seul. Personne ne se doutait de mes luttes int\u00e9rieures, et cela devenait \u00e9motionnellement \u00e9puisant. Les l\u00e9sions se sont alors accumul\u00e9es, jusqu'\u00e0 ce que je me blesse gravement au genou, n\u00e9cessitant une convalescence prolong\u00e9e. Puis, j'ai subi une autre blessure au ligament de la cheville gauche, marquant un tournant o\u00f9 j'ai commenc\u00e9 \u00e0 r\u00e9aliser mon d\u00e9doublement de personnalit\u00e9. En rentrant chez moi le soir, je vivais ma f\u00e9minit\u00e9 naissante, mais pendant la journ\u00e9e, je devais reprendre mon r\u00f4le masculin. Je suis convaincue que ces blessures et ma dysphorie de genre \u00e9taient \u00e9troitement li\u00e9es. C'est ainsi que j'ai commenc\u00e9 \u00e0 accepter ma v\u00e9ritable identit\u00e9 de femme trans.<\/p>\n\n\n\n<div style=\"height:22px\" aria-hidden=\"true\" class=\"wp-block-spacer\"><\/div>\n\n\n\n<p><strong>En juillet 2020, au nom de la \u00ab s\u00e9curit\u00e9 \u00bb et de l'\u00ab \u00e9quit\u00e9 \u00bb sportives, World Rugby, l'instance dirigeante mondiale du rugby, recommande de ne pas accepter les personnes transgenres dans les comp\u00e9titions f\u00e9minines de haut niveau, alors que tu \u00e9voluais d\u00e9j\u00e0 dans le monde de l\u2019ovalie. As-tu eu peur que ton avenir sportif soit remis en question ?<\/strong><\/p>\n\n\n\n<p>Cette d\u00e9cision de World Rugby \u00e9tait totalement discriminante et non fond\u00e9e ! Jusqu'\u00e0 pr\u00e9sent, aucune \u00e9tude n'a pu d\u00e9montrer que les athl\u00e8tes transgenres b\u00e9n\u00e9ficiaient d'un avantage physique, et cela reste vrai aujourd'hui. Qu\u2019est-ce qui a donc motiv\u00e9 les membres du comit\u00e9 m\u00e9dical de World Rugby \u00e0 prendre cette d\u00e9cision ? Sur quelles recherches scientifiques se sont-ils appuy\u00e9s ? J\u2019ai donc aussit\u00f4t contact\u00e9 Bernard Laporte, alors pr\u00e9sident de la F\u00e9d\u00e9ration Fran\u00e7aise de Rugby (FFR), qui m\u2019a imm\u00e9diatement apport\u00e9 son soutien, en affirmant que je continuerai \u00e0 jouer en ligue nationale. Il m\u2019a invit\u00e9 \u00e0 monter un dossier pour porter l\u2019affaire devant le Comit\u00e9 Olympique International et la Cour Europ\u00e9enne des droits de l\u2019Homme. Suite \u00e0 sa r\u00e9\u00e9lection, en 2021, il a mis en place la Commission Anti-Discriminations et \u00c9galit\u00e9 de Traitement (CADET), en nommant des personnes reconnues et avis\u00e9es \u00e0 toutes les probl\u00e9matiques discriminatoires. Une initiative qui a ensuite produit comme premi\u00e8re mesure l\u2019engagement du Comit\u00e9 Directeur de la FFR pour l\u2019inclusion des trans-identitaires et transgenres dans le rugby. J\u2019ai rejoint cette commission en tant que porte-parole, notamment pour annoncer le premier communiqu\u00e9 concernant cette mesure lors de la journ\u00e9e internationale contre les LGBTphobies, le 17 mai 2021. Cette d\u00e9cision a donc ouvert un nouveau chapitre dans mon parcours sportif.<\/p>\n\n\n\n<p><em>\u00ab Je cachais mes sentiments en me conformant aux attentes sociales. \u00bb<\/em><\/p>\n\n\n\n<figure class=\"wp-block-image size-large\"><img fetchpriority=\"high\" decoding=\"async\" width=\"681\" height=\"1024\" src=\"https:\/\/sportfriendlyproject.com\/wp-content\/uploads\/2024\/06\/Alexia-Cerenys-Sportfriendly-681x1024.jpg\" alt=\"\" class=\"wp-image-1482\" srcset=\"https:\/\/sportfriendlyproject.com\/wp-content\/uploads\/2024\/06\/Alexia-Cerenys-Sportfriendly-681x1024.jpg 681w, https:\/\/sportfriendlyproject.com\/wp-content\/uploads\/2024\/06\/Alexia-Cerenys-Sportfriendly-600x902.jpg 600w, https:\/\/sportfriendlyproject.com\/wp-content\/uploads\/2024\/06\/Alexia-Cerenys-Sportfriendly-200x300.jpg 200w, https:\/\/sportfriendlyproject.com\/wp-content\/uploads\/2024\/06\/Alexia-Cerenys-Sportfriendly-768x1155.jpg 768w, https:\/\/sportfriendlyproject.com\/wp-content\/uploads\/2024\/06\/Alexia-Cerenys-Sportfriendly-1022x1536.jpg 1022w, https:\/\/sportfriendlyproject.com\/wp-content\/uploads\/2024\/06\/Alexia-Cerenys-Sportfriendly-1362x2048.jpg 1362w, https:\/\/sportfriendlyproject.com\/wp-content\/uploads\/2024\/06\/Alexia-Cerenys-Sportfriendly-8x12.jpg 8w, https:\/\/sportfriendlyproject.com\/wp-content\/uploads\/2024\/06\/Alexia-Cerenys-Sportfriendly.jpg 1500w\" sizes=\"(max-width: 681px) 100vw, 681px\" \/><\/figure>\n\n\n\n<div style=\"height:22px\" aria-hidden=\"true\" class=\"wp-block-spacer\"><\/div>\n\n\n\n<p><strong>Pour autant, la F\u00e9d\u00e9ration fran\u00e7aise de rugby (FFR) s\u2019est officiellement engag\u00e9e pour l\u2019inclusion des trans-identitaires dans le rugby, mais sous r\u00e9serve d'un certain nombre de conditions, notamment le suivi d'un traitement hormonal depuis au moins un an et un taux de testost\u00e9rone \u00e0 ne pas d\u00e9passer. Penses-tu que ces conditions sont n\u00e9cessaires ?<\/strong><\/p>\n\n\n\n<p>En 2021, la FFR a inscrit dans son r\u00e8glement le fait que les hommes et femmes trans, r\u00e9assign\u00e9s physiquement et reconnus dans leur sexe actuel peuvent prendre part \u00e0 toutes les comp\u00e9titions officielles organis\u00e9es par la f\u00e9d\u00e9ration, dans la cat\u00e9gorie du sexe administratif, c\u2019est-\u00e0-dire correspondant \u00e0 leur nouveau pr\u00e9nom, sans aucune condition pr\u00e9alable. En ce qui concerne les femmes trans non op\u00e9r\u00e9es, celles-ci doivent attester qu\u2019elles suivent un traitement hormonal depuis, \u00e0 minima 12 mois, et ne pas d\u00e9passer le seuil de 5 nanomole\/Litre du taux de testost\u00e9rone, conform\u00e9ment \u00e0 la d\u00e9cision du CIO. Mais ce qu\u2019il ne faut pas oublier, c\u2019est la p\u00e9riode de r\u00e9athl\u00e9tisation. La r\u00e9cup\u00e9ration apr\u00e8s des op\u00e9rations de chirurgie de r\u00e9attribution sexuelle, ou telles que la mastectomie chez les hommes transgenres, est g\u00e9n\u00e9ralement longue et peut entra\u00eener une importante perte de masse musculaire. Et une ann\u00e9e d'hormonoth\u00e9rapie est souvent consid\u00e9r\u00e9e comme ad\u00e9quate pour permettre une reprise dans des conditions optimales. Cette mesure vise \u00e9galement \u00e0 garantir leur s\u00e9curit\u00e9 lors du retour \u00e0 l'activit\u00e9 sportive, elle me semble donc juste.<\/p>\n\n\n\n<div style=\"height:22px\" aria-hidden=\"true\" class=\"wp-block-spacer\"><\/div>\n\n\n\n<p><strong>Ce qui est vraiment int\u00e9ressant, c'est que tu soulignes un aspect souvent n\u00e9glig\u00e9 lorsqu'on aborde la question de la participation des personnes transgenres dans le sport : le fait que l'entra\u00eenement s'av\u00e8re \u00eatre tout aussi, voire m\u00eame plus crucial que la condition anatomique.<\/strong><\/p>\n\n\n\n<p>En tant que personne trans, je peux affirmer que l'entra\u00eenement est essentiel pour performer sur le terrain. C'est un d\u00e9fi constant. Physiquement, c'est exigeant, et sans entra\u00eenement, je ne pourrais jamais atteindre le niveau requis. Au moment de rejoindre l'\u00e9quipe f\u00e9minine, apr\u00e8s une pause de deux ans, j'ai remarqu\u00e9 une nette diminution de mes performances d'acc\u00e9l\u00e9ration et de mes capacit\u00e9s physiques par rapport \u00e0 ce que je connaissais auparavant. La prise du traitement hormonal joue \u00e9galement Au bout d'un an, c'\u00e9tait comme plonger dans l'inconnu. J'avais presque perdu plus de 15 % de mes capacit\u00e9s initiales. Il ne faut donc pas sous-estimer l'impact de l'entra\u00eenement. Je refuse cat\u00e9goriquement d'entendre que les femmes trans ont plus de force que les femmes cisgenres. Notre force physique est le r\u00e9sultat de l'adaptation de notre corps aux hormones, point final. Mon accession \u00e0 un club d'\u00e9lite f\u00e9minin, je la dois \u00e0 mes efforts et \u00e0 mon engagement sans faille dans ma pr\u00e9paration sportive !<\/p>\n\n\n\n<p><em>\u00ab Je sous-estime souvent l'impact r\u00e9el de mon histoire sur les autres. \u00bb<\/em><\/p>\n\n\n\n<div style=\"height:22px\" aria-hidden=\"true\" class=\"wp-block-spacer\"><\/div>\n\n\n\n<p><strong>Dans une interview accord\u00e9e \u00e0 L'Express, tu as d\u00e9clar\u00e9 que \u00ab le rugby s'adresse \u00e0 tous les gabarits \u00bb.<\/strong> <strong>Le match de la diversit\u00e9 est-il d\u00e9j\u00e0 gagn\u00e9 ou les prochaines g\u00e9n\u00e9rations devront-elles plaquer de nouveaux droits ?<\/strong><\/p>\n\n\n\n<p>Le rugby figure parmi les dix sports les plus dangereux et \u00e0 risque, et il est associ\u00e9 aussi bien \u00e0 la puissance physique, la vitesse et la force, ce qui se traduit par une grande diversit\u00e9 de morphologies sur le terrain. Mais dans le monde du sport, comme dans la soci\u00e9t\u00e9 en g\u00e9n\u00e9ral, rien n'est acquis d\u00e9finitivement. M\u00eame les avanc\u00e9es les plus significatives peuvent \u00eatre remises en question. La situation en Italie, o\u00f9 le gouvernement de Giorgia Meloni s'oppose aux droits des personnes LGBTQI+, en est un exemple frappant. Et bien que la FFR ait \u00e9t\u00e9 pionni\u00e8re en l\u00e9gif\u00e9rant en faveur de l'inclusion des personnes transgenres dans le sport, il reste encore beaucoup de chemin \u00e0 parcourir pour assurer une r\u00e9elle \u00e9galit\u00e9 et inclusivit\u00e9. Le Comit\u00e9 International Olympique autorise la participation des sportifs transgenres dans les comp\u00e9titions internationales depuis les Jeux d\u2019Ath\u00e8nes, en 2004. Cependant, je vous mets au d\u00e9fi de nommer une championne olympique trans.<\/p>\n\n\n\n<div style=\"height:22px\" aria-hidden=\"true\" class=\"wp-block-spacer\"><\/div>\n\n\n\n<p><strong>Et toi, quel sera ton prochain match ?<\/strong><\/p>\n\n\n\n<p>Le prochain combat que j\u2019aimerai rejoindre, c\u2019est de mobiliser toutes les f\u00e9d\u00e9rations sportives fran\u00e7aises pour faire de la France un exemple mondial d'inclusion dans le sport. J'esp\u00e8re que l'engagement de la CADET inspirera les autres f\u00e9d\u00e9rations, et que les pays h\u00e9sitants suivront \u00e9galement cet exemple. Nous sommes le pays des droits de l'homme, nos avanc\u00e9es sociales sont observ\u00e9es par le monde entier, et il est essentiel de ne jamais perdre de vue cette responsabilit\u00e9.<\/p>\n\n\n\n<div style=\"height:35px\" aria-hidden=\"true\" class=\"wp-block-spacer\"><\/div>\n\n\n\n<p><strong>En un mot :<\/strong><\/p>\n\n\n\n<div style=\"height:22px\" aria-hidden=\"true\" class=\"wp-block-spacer\"><\/div>\n\n\n\n<p>Fiert\u00e9 : Libre<\/p>\n\n\n\n<div style=\"height:22px\" aria-hidden=\"true\" class=\"wp-block-spacer\"><\/div>\n\n\n\n<p>Athl\u00e8te d\u2019\u00e9lite : R\u00eave<\/p>\n\n\n\n<div style=\"height:22px\" aria-hidden=\"true\" class=\"wp-block-spacer\"><\/div>\n\n\n\n<p>Athl\u00e8te et femme trans : Inesp\u00e9r\u00e9<\/p>","protected":false},"excerpt":{"rendered":"<p>\u00a1Alexia Cerenys taclea los prejuicios! Avance decisivo contra la transfobia. Alexia Cerenys, la primera jugadora de rugby transg\u00e9nero que logr\u00f3 entrar en la \u00e9lite femenina, luch\u00f3 mucho tiempo para aceptar su verdadera identidad. Miembro comprometido del comit\u00e9 antidiscriminaci\u00f3n de su federaci\u00f3n, es una apasionada defensora de la inclusi\u00f3n en el deporte. Desde sus inicios en [&hellip;]<\/p>\n","protected":false},"author":2,"featured_media":1481,"comment_status":"open","ping_status":"open","sticky":false,"template":"","format":"standard","meta":{"footnotes":""},"categories":[1],"tags":[],"class_list":["post-1480","post","type-post","status-publish","format-standard","has-post-thumbnail","hentry","category-entrevistas"],"_links":{"self":[{"href":"https:\/\/sportfriendlyproject.com\/fr\/wp-json\/wp\/v2\/posts\/1480","targetHints":{"allow":["GET"]}}],"collection":[{"href":"https:\/\/sportfriendlyproject.com\/fr\/wp-json\/wp\/v2\/posts"}],"about":[{"href":"https:\/\/sportfriendlyproject.com\/fr\/wp-json\/wp\/v2\/types\/post"}],"author":[{"embeddable":true,"href":"https:\/\/sportfriendlyproject.com\/fr\/wp-json\/wp\/v2\/users\/2"}],"replies":[{"embeddable":true,"href":"https:\/\/sportfriendlyproject.com\/fr\/wp-json\/wp\/v2\/comments?post=1480"}],"version-history":[{"count":9,"href":"https:\/\/sportfriendlyproject.com\/fr\/wp-json\/wp\/v2\/posts\/1480\/revisions"}],"predecessor-version":[{"id":3522,"href":"https:\/\/sportfriendlyproject.com\/fr\/wp-json\/wp\/v2\/posts\/1480\/revisions\/3522"}],"wp:featuredmedia":[{"embeddable":true,"href":"https:\/\/sportfriendlyproject.com\/fr\/wp-json\/wp\/v2\/media\/1481"}],"wp:attachment":[{"href":"https:\/\/sportfriendlyproject.com\/fr\/wp-json\/wp\/v2\/media?parent=1480"}],"wp:term":[{"taxonomy":"category","embeddable":true,"href":"https:\/\/sportfriendlyproject.com\/fr\/wp-json\/wp\/v2\/categories?post=1480"},{"taxonomy":"post_tag","embeddable":true,"href":"https:\/\/sportfriendlyproject.com\/fr\/wp-json\/wp\/v2\/tags?post=1480"}],"curies":[{"name":"wp","href":"https:\/\/api.w.org\/{rel}","templated":true}]}}