{"id":1475,"date":"2024-06-06T10:50:37","date_gmt":"2024-06-06T08:50:37","guid":{"rendered":"https:\/\/sportfriendlyproject.com\/?p=1475"},"modified":"2025-04-23T16:05:47","modified_gmt":"2025-04-23T14:05:47","slug":"facundo-imhoff-fr","status":"publish","type":"post","link":"https:\/\/sportfriendlyproject.com\/fr\/facundo-imhoff\/","title":{"rendered":"Facundo Imhoff"},"content":{"rendered":"<h2 class=\"wp-block-heading\"><strong>\u00ab Maintenant, il y a des pr\u00e9c\u00e9dents et la nouvelle g\u00e9n\u00e9ration de sportifs peut s\u2019assumer ouvertement. \u00bb<\/strong><\/h2>\n\n\n\n<div style=\"height:22px\" aria-hidden=\"true\" class=\"wp-block-spacer\"><\/div>\n\n\n\n<hr class=\"wp-block-separator has-alpha-channel-opacity\"\/>\n\n\n\n<div style=\"height:22px\" aria-hidden=\"true\" class=\"wp-block-spacer\"><\/div>\n\n\n\n<p><em>Lorsque la star de la s\u00e9lection argentine de volley a pu se confier \u00e0 ses co\u00e9quipiers, il a donn\u00e9 le coup d\u2019envoi \u00e0 une histoire qui allait \u00e9tablir des pr\u00e9c\u00e9dents et inspirer nombre de sportifs. De l\u2019Argentine \u00e0 la Suisse en passant par la Roumanie, ce sportif professionnel nous raconte pourquoi visibiliser son orientation sexuelle est devenu un acte de militantisme sportif.<\/em><\/p>\n\n\n\n<div style=\"height:22px\" aria-hidden=\"true\" class=\"wp-block-spacer\"><\/div>\n\n\n\n<hr class=\"wp-block-separator has-alpha-channel-opacity\"\/>\n\n\n\n<div style=\"height:22px\" aria-hidden=\"true\" class=\"wp-block-spacer\"><\/div>\n\n\n\n<p><strong>Aujourd\u2019hui, mettre en \u00e9vidence l\u2019homosexualit\u00e9 ou la diff\u00e9rence dans le sport reste encore tabou, et ce d\u2019autant plus dans les sports collectifs masculins. Comment pourrait-on, selon toi, encourager l'acceptation de la diversit\u00e9 dans le milieu sportif professionnel ?<\/strong><\/p>\n\n\n\n<div style=\"height:22px\" aria-hidden=\"true\" class=\"wp-block-spacer\"><\/div>\n\n\n\n<p>Je crois que cela d\u00e9pend beaucoup du contexte dans lequel \u00e9volue l\u2019athl\u00e8te. Par exemple, un milieu o\u00f9 subsiste encore beaucoup de discrimination, c\u2019est le football. Je ne crois pas que ce soit les joueurs qui discriminent ; d\u2019ailleurs, j\u2019imagine qu\u2019ils seraient les premiers \u00e0 accepter et \u00e0 soutenir un co\u00e9quipier gay. Mais le milieu o\u00f9 ils \u00e9voluent est compl\u00e8tement machiste et soumis \u00e0 une grande pression \u00e9conomique. Donc, c\u2019est tout un syst\u00e8me qui encourage ce tabou. Par ailleurs, je remarque que le monde du volleyball<em> <\/em>est plus ouvert. Dans mon cas, personne ne m\u2019a jamais discrimin\u00e9. Et c\u2019est \u00e7a qui est important. Il se peut que \u00e7a ne plaise pas \u00e0 certains que je sois gay, mais pour moi, l\u2019important c\u2019est qu\u2019on ne me manque pas de respect. Je dirais que le vrai changement va venir avec la nouvelle g\u00e9n\u00e9ration de sportifs.<\/p>\n\n\n\n<div style=\"height:22px\" aria-hidden=\"true\" class=\"wp-block-spacer\"><\/div>\n\n\n\n<p><strong>Crois-tu que l\u2019\u00e9ducation soit la cl\u00e9 du changement ?<\/strong><\/p>\n\n\n\n<p>Je crois que si depuis qu\u2019ils sont tout petits, les sportifs ont \u00e7a en t\u00eate, \u00e7a devient naturel. Car aujourd\u2019hui, qu\u2019un jeune de vingt ans continue de se demander s\u2019il peut \u00eatre gay tout en faisant du sport, cela signifie que, de toute \u00e9vidence, vingt ans se sont \u00e9coul\u00e9s pendant lesquels cette situation n'\u00e9tait pas acceptable pour lui. Il y a donc tout un tas d\u2019id\u00e9es re\u00e7ues qui op\u00e9raient jusqu\u2019\u00e0 cet \u00e2ge qu\u2019il va devoir modifier. En revanche, je crois que la nouvelle g\u00e9n\u00e9ration grandit en ayant ces informations et vit cela tout naturellement. Dans ce processus, l\u2019\u00e9ducation \u00e0 la sexualit\u00e9 joue un r\u00f4le fondamental, dans les institutions \u00e9ducatives, mais aussi d\u00e8s les premiers pas qu\u2019une personne peut faire dans le club de son quartier. Les enfants doivent se familiariser avec ces informations d\u00e8s leur plus jeune \u00e2ge.&nbsp;<\/p>\n\n\n\n<p><em>\u00ab Dans les bars, des jeunes venaient me dire qu\u2019ils avaient racont\u00e9 \u00e0 leurs parents qu\u2019ils \u00e9taient gays, en leur montrant ma vid\u00e9o.<\/em><\/p>\n\n\n\n<div style=\"height:22px\" aria-hidden=\"true\" class=\"wp-block-spacer\"><\/div>\n\n\n\n<p><strong>Ta biographie dans Wikip\u00e9dia mentionne : \u00ab En ao\u00fbt 2019, il a r\u00e9v\u00e9l\u00e9 publiquement qu\u2019il \u00e9tait gay. \u00bb Que ressent-tu face au fait que ta vie priv\u00e9e soit rendue publique ?<\/strong><\/p>\n\n\n\n<p>Au d\u00e9but, je me suis sentie mal \u00e0 l'aise, car on se pr\u00e9occupait peu de mon parcours et de mes exploits sportifs. La seule chose qui comptait, c'\u00e9tait mon homosexualit\u00e9. C'est choquant. Mais en m\u00eame temps, j'ai compris que cela faisait partie du processus. Et que c'est n\u00e9cessaire. Je dis toujours que pour le naturaliser, il faut le rendre visible. Et que lorsque le centi\u00e8me gay se manifestera, on dira \u00ab \u00e7a suffit, \u00e7a ne nous int\u00e9resse plus \u00bb (<em>risas<\/em>). C'est \u00e0 ce moment-l\u00e0 que la naturalisation se fera : quand ce ne sera plus une nouvelle. Mais bon, si nous sommes assis ici aujourd'hui pour ce reportage, c'est qu'il y a encore beaucoup de progr\u00e8s \u00e0 faire et beaucoup de chemin \u00e0 parcourir.<\/p>\n\n\n\n<div style=\"height:22px\" aria-hidden=\"true\" class=\"wp-block-spacer\"><\/div>\n\n\n\n<p><strong>La psychologie sportive met l\u2019accent sur la sant\u00e9 mentale comme un \u00e9l\u00e9ment fondamental du sport de haut niveau. As-tu la sensation que ta pr\u00e9occupation pour cacher ton orientation sexuelle a eu une quelconque influence sur tes performances sportives ?<\/strong><\/p>\n\n\n\n<p>Bien s\u00fbr, \u00e0 100 %. Heureusement, j\u2019ai fait mon coming-out il y a plus de dix ans et j\u2019ai fait une grande partie de ma carri\u00e8re en m\u2019affichant ouvertement gay. A vingt-trois ans, j\u2019ai \u00e9t\u00e9 recrut\u00e9 par l\u2019\u00e9quipe nationale argentine. Pour moi, le lien est \u00e9vident avec le fait d'avoir annonc\u00e9 mon homosexualit\u00e9 \u00e0 mes co\u00e9quipiers de l'\u00e9quipe de <em>Lomas de Zamora<\/em>, l'ann\u00e9e pr\u00e9c\u00e9dente. Ce n'est pas parce que j'\u00e9tais \u00ab gay \u00bb que j'ai \u00e9t\u00e9 appel\u00e9 en \u00e9quipe nationale, mais en raison de mes bonnes performances. Et je consid\u00e8re que mes performances se sont am\u00e9lior\u00e9es du fait d\u2019avoir assum\u00e9 ma sexualit\u00e9. Du fait de la vivre librement. Car avant cela, l\u2019\u00e9nergie d\u00e9pens\u00e9e \u00e0 cacher ma double vie faisait que je ne pouvais pas jouer correctement, et que je me blessais beaucoup. Un sportif, c\u2019est un tout et c\u2019est important de mettre en rapport le bien\u00eatre personnel et la performance sportive en g\u00e9n\u00e9ral. Par chance, aujourd\u2019hui on tient beaucoup plus compte de cette question.&nbsp;<\/p>\n\n\n\n<p><em>\u00ab Il existe encore dans l\u2019inconscient collectif cette id\u00e9e selon laquelle si tu es gay, tu es faible. \u00bb<\/em><\/p>\n\n\n\n<figure class=\"wp-block-gallery has-nested-images columns-default is-cropped wp-block-gallery-1 is-layout-flex wp-block-gallery-is-layout-flex\">\n<figure class=\"wp-block-image size-large\"><img fetchpriority=\"high\" decoding=\"async\" width=\"681\" height=\"1024\" data-id=\"1477\" src=\"https:\/\/sportfriendlyproject.com\/wp-content\/uploads\/2024\/06\/Facundo-Imhoff_-1-Sportfriendly-681x1024.jpg\" alt=\"\" class=\"wp-image-1477\" srcset=\"https:\/\/sportfriendlyproject.com\/wp-content\/uploads\/2024\/06\/Facundo-Imhoff_-1-Sportfriendly-681x1024.jpg 681w, https:\/\/sportfriendlyproject.com\/wp-content\/uploads\/2024\/06\/Facundo-Imhoff_-1-Sportfriendly-600x902.jpg 600w, https:\/\/sportfriendlyproject.com\/wp-content\/uploads\/2024\/06\/Facundo-Imhoff_-1-Sportfriendly-200x300.jpg 200w, https:\/\/sportfriendlyproject.com\/wp-content\/uploads\/2024\/06\/Facundo-Imhoff_-1-Sportfriendly-768x1155.jpg 768w, https:\/\/sportfriendlyproject.com\/wp-content\/uploads\/2024\/06\/Facundo-Imhoff_-1-Sportfriendly-1022x1536.jpg 1022w, https:\/\/sportfriendlyproject.com\/wp-content\/uploads\/2024\/06\/Facundo-Imhoff_-1-Sportfriendly-1362x2048.jpg 1362w, https:\/\/sportfriendlyproject.com\/wp-content\/uploads\/2024\/06\/Facundo-Imhoff_-1-Sportfriendly-8x12.jpg 8w, https:\/\/sportfriendlyproject.com\/wp-content\/uploads\/2024\/06\/Facundo-Imhoff_-1-Sportfriendly.jpg 1500w\" sizes=\"(max-width: 681px) 100vw, 681px\" \/><\/figure>\n<\/figure>\n\n\n\n<div style=\"height:22px\" aria-hidden=\"true\" class=\"wp-block-spacer\"><\/div>\n\n\n\n<p><strong>Dans le cadre du mois des fiert\u00e9s en 2021, tu as publi\u00e9 une vid\u00e9o sur Instagram dans laquelle tu racontes une situation probl\u00e9matique que tu as v\u00e9cue pour avoir voulu te laisser pousser les cheveux. Quels conseils capillaires donnerais-tu \u00e0 la nouvelle g\u00e9n\u00e9ration de sportifs ?<\/strong><\/p>\n\n\n\n<p>Qu'ils agissent comme ils l'entendent. Et qu\u2019ils ne suivent les instructions de personne. S\u2019ils veulent avoir les cheveux verts, qu\u2019ils se les teignent, mais qu\u2019ils ne se soumettent pas aux opinions des autres. Le premier jour o\u00f9 j\u2019ai jou\u00e9 en \u00e9quipe professionnelle, le capitaine a attrap\u00e9 le serre-t\u00eate que j\u2019utilisais pour attacher mes cheveux que je laissais pousser. Il me l\u2019a arrach\u00e9 en me disant que cette \u00e9quipe \u00e9tait une \u00e9quipe <em>\u00ab d\u2019hommes \u00bb<\/em> et que je devais me couper les cheveux pour le prochain match. Un abus de pouvoir qui m'a tellement marqu\u00e9e que je ne me suis plus jamais laiss\u00e9 pousser les cheveux. Plus de dix ans ont pass\u00e9 avant que je me le permette \u00e0 nouveau.<\/p>\n\n\n\n<div style=\"height:22px\" aria-hidden=\"true\" class=\"wp-block-spacer\"><\/div>\n\n\n\n<p><strong>Et penses-tu qu\u2019aujourd\u2019hui la nouvelle g\u00e9n\u00e9ration de sportif.ve.s a le sentiment que les choses \u00e9voluent dans le bon sens ?<\/strong><\/p>\n\n\n\n<p>\u00c9videmment, il y a un certain changement. Au niveau social, on a beaucoup avanc\u00e9 en mati\u00e8re de droits et d\u2019inclusion. Pour autant, le milieu sportif est celui qui a le moins progress\u00e9. \u00c0 bien y r\u00e9fl\u00e9chir, dans le football professionnel, qui est le sport le plus populaire, il n\u2019y a toujours pas de \u00ab gays \u00bb aujourd\u2019hui. C'est la m\u00eame chose dans certaines autres disciplines : nous sommes deux ou trois \u00e0 avoir d\u00e9cid\u00e9 d\u2019assumer publiquement notre homosexualit\u00e9, par exemple, Sebasti\u00e1n Vega au basket. M\u00eame si je crois que oui, la nouvelle g\u00e9n\u00e9ration dispose de plus d\u2019outils, \u00e9videmment qu\u2019il y a encore beaucoup de tabous et de peurs.<\/p>\n\n\n\n<div style=\"height:22px\" aria-hidden=\"true\" class=\"wp-block-spacer\"><\/div>\n\n\n\n<p><strong>Actuellement tu poursuis ta carri\u00e8re en Suisse et tu as eu l\u2019opportunit\u00e9 de faire partie de diff\u00e9rentes \u00e9quipes en Europe. Comment per\u00e7ois-tu l\u2019inclusion des personnes LGBTQI+ au niveau du sport international ?<\/strong><\/p>\n\n\n\n<p>Dans chaque nouveau pays, j\u2019ai d\u00fb tout recommencer \u00e0 z\u00e9ro, tout raconter de nouveau. On finissait par me faire des interviews et on \u00e9crivait des articles sur \u00ab le sportif gay de haut niveau \u00bb. Je pense donc que le sujet transcende les fronti\u00e8res... Sauf en Roumanie, qui est un pays tr\u00e8s conservateur sur ces questions. On ne m\u2019y a fait aucune interview, mais on a fini par beaucoup parler avec mes co\u00e9quipiers de l\u2019\u00e9quipe. Et le changement de vision qu\u2019ils ont op\u00e9r\u00e9 a \u00e9t\u00e9 incroyable, entre le premier jour o\u00f9 ils ne voulaient pas que je me douche avec eux, et la fin de la saison o\u00f9 ils ont fini par militer aupr\u00e8s de leurs familles et des autres \u00e9quipes. \u00c7a a \u00e9t\u00e9 un processus tr\u00e8s dur pour moi, mais c\u2019est celui o\u00f9 j\u2019ai pris le plus de plaisir. Peu \u00e0 peu, ils s\u2019ouvraient et parlaient de sexe entre eux, car m\u00eame le th\u00e8me de la sexualit\u00e9 reste tabou. Mais j\u2019ai ouvert un espace de confiance o\u00f9 on a beaucoup \u00e9chang\u00e9, sur des aspects dont ils n\u2019osaient m\u00eame pas discuter entre eux. Le groupe s\u2019est beaucoup soud\u00e9 !<\/p>\n\n\n\n<div style=\"height:22px\" aria-hidden=\"true\" class=\"wp-block-spacer\"><\/div>\n\n\n\n<p><strong>Tu veux dire qu\u2019un club a tout \u00e0 gagner \u00e0 s\u2019ouvrir \u00e0 la diversit\u00e9\u2026<\/strong><\/p>\n\n\n\n<p>Oui, ce serait bien que les clubs ou les institutions tiennent vraiment compte de cet argument. Un gay ne va pas tirer une \u00e9quipe vers le bas, au contraire, il peut la souder. \u00c0 travers mon exp\u00e9rience avec l\u2019\u00e9quipe de <em>Lomas de Zamora, <\/em>j\u2019ai fini par devenir un r\u00e9f\u00e9rent au sein de l\u2019\u00e9quipe, et pas uniquement pour une question de performance sportive. Mais la confiance que j\u2019avais install\u00e9e avec les autres joueurs et la connexion que j\u2019avais avec la tribune allaient bien au-del\u00e0. Ma personnalit\u00e9 s\u2019est affirm\u00e9e \u00e0 partir du moment o\u00f9 j\u2019ai dit \u00ab Je suis p\u00e9d\u00e9 ! \u00bb. Une simple d\u00e9cision peut se r\u00e9v\u00e9ler bien plus d\u00e9terminante<\/p>\n\n\n\n<div style=\"height:35px\" aria-hidden=\"true\" class=\"wp-block-spacer\"><\/div>\n\n\n\n<p><strong><em>Ce qu\u2019on dit sur lui\u2026<\/em><\/strong><\/p>\n\n\n\n<div style=\"height:22px\" aria-hidden=\"true\" class=\"wp-block-spacer\"><\/div>\n\n\n\n<p><em>\u00ab Je trouve que c'est quelqu'un d'incroyable. Je pense que ce que j'aime le plus chez Facundo, c'est que nous avons en commun le fait que le sport nous a sauv\u00e9s de bien des \u00e9preuves. Je l'admire. Pour moi, c'est une personne incroyable et un joueur hors pair. \u00bb<\/em><\/p>\n\n\n\n<p>Jessica Millaman<\/p>\n\n\n\n<div style=\"height:22px\" aria-hidden=\"true\" class=\"wp-block-spacer\"><\/div>\n\n\n\n<p><strong>En chiffres :<\/strong><\/p>\n\n\n\n<div style=\"height:22px\" aria-hidden=\"true\" class=\"wp-block-spacer\"><\/div>\n\n\n\n<ul class=\"wp-block-list\">\n<li><strong>17<\/strong> Le num\u00e9ro de son maillot.<\/li>\n<\/ul>\n\n\n\n<div style=\"height:22px\" aria-hidden=\"true\" class=\"wp-block-spacer\"><\/div>\n\n\n\n<ul class=\"wp-block-list\">\n<li><strong>9<\/strong> Son \u00e2ge quand il a jou\u00e9 au volleyball pour la premi\u00e8re fois.<\/li>\n<\/ul>\n\n\n\n<div style=\"height:22px\" aria-hidden=\"true\" class=\"wp-block-spacer\"><\/div>\n\n\n\n<ul class=\"wp-block-list\">\n<li><strong>17<\/strong> L\u2019\u00e2ge de ses d\u00e9buts en tant que professionnel.<\/li>\n<\/ul>\n\n\n\n<div style=\"height:22px\" aria-hidden=\"true\" class=\"wp-block-spacer\"><\/div>\n\n\n\n<ul class=\"wp-block-list\">\n<li><strong>1989 <\/strong>Son ann\u00e9e de naissance.<\/li>\n<\/ul>\n\n\n\n<div style=\"height:22px\" aria-hidden=\"true\" class=\"wp-block-spacer\"><\/div>\n\n\n\n<ul class=\"wp-block-list\">\n<li><strong>22 <\/strong>L\u2019\u00e2ge de son coming-out.&nbsp;<\/li>\n<\/ul>\n\n\n\n<div style=\"height:35px\" aria-hidden=\"true\" class=\"wp-block-spacer\"><\/div>\n\n\n\n<p><strong>Son palmar\u00e8s :<\/strong><\/p>\n\n\n\n<div style=\"height:22px\" aria-hidden=\"true\" class=\"wp-block-spacer\"><\/div>\n\n\n\n<ul class=\"wp-block-list\">\n<li>Trois ligues mondiales.<\/li>\n<\/ul>\n\n\n\n<div style=\"height:22px\" aria-hidden=\"true\" class=\"wp-block-spacer\"><\/div>\n\n\n\n<ul class=\"wp-block-list\">\n<li>Champion de la coupe allemande et suisse.&nbsp;<\/li>\n<\/ul>\n\n\n\n<div style=\"height:22px\" aria-hidden=\"true\" class=\"wp-block-spacer\"><\/div>\n\n\n\n<ul class=\"wp-block-list\">\n<li>Champion de la ligue suisse et argentine.<\/li>\n<\/ul>\n\n\n\n<div style=\"height:22px\" aria-hidden=\"true\" class=\"wp-block-spacer\"><\/div>","protected":false},"excerpt":{"rendered":"<p>\u00abAhora hay precedentes y la nueva generaci\u00f3n de deportistas puede blanquearlo.\u00bb Cuando la figura de la selecci\u00f3n argentina de v\u00f3ley pudo hablar con sus compa\u00f1eros, inici\u00f3 una historia que sentar\u00eda precedentes e inspirar\u00eda a muchos otros deportistas. De Argentina a Suiza, pasando por Rumania, el deportista profesional nos cuenta por qu\u00e9 visibilizar su orientaci\u00f3n sexual [&hellip;]<\/p>\n","protected":false},"author":2,"featured_media":1476,"comment_status":"open","ping_status":"open","sticky":false,"template":"","format":"standard","meta":{"footnotes":""},"categories":[1],"tags":[],"class_list":["post-1475","post","type-post","status-publish","format-standard","has-post-thumbnail","hentry","category-entrevistas"],"_links":{"self":[{"href":"https:\/\/sportfriendlyproject.com\/fr\/wp-json\/wp\/v2\/posts\/1475","targetHints":{"allow":["GET"]}}],"collection":[{"href":"https:\/\/sportfriendlyproject.com\/fr\/wp-json\/wp\/v2\/posts"}],"about":[{"href":"https:\/\/sportfriendlyproject.com\/fr\/wp-json\/wp\/v2\/types\/post"}],"author":[{"embeddable":true,"href":"https:\/\/sportfriendlyproject.com\/fr\/wp-json\/wp\/v2\/users\/2"}],"replies":[{"embeddable":true,"href":"https:\/\/sportfriendlyproject.com\/fr\/wp-json\/wp\/v2\/comments?post=1475"}],"version-history":[{"count":13,"href":"https:\/\/sportfriendlyproject.com\/fr\/wp-json\/wp\/v2\/posts\/1475\/revisions"}],"predecessor-version":[{"id":3523,"href":"https:\/\/sportfriendlyproject.com\/fr\/wp-json\/wp\/v2\/posts\/1475\/revisions\/3523"}],"wp:featuredmedia":[{"embeddable":true,"href":"https:\/\/sportfriendlyproject.com\/fr\/wp-json\/wp\/v2\/media\/1476"}],"wp:attachment":[{"href":"https:\/\/sportfriendlyproject.com\/fr\/wp-json\/wp\/v2\/media?parent=1475"}],"wp:term":[{"taxonomy":"category","embeddable":true,"href":"https:\/\/sportfriendlyproject.com\/fr\/wp-json\/wp\/v2\/categories?post=1475"},{"taxonomy":"post_tag","embeddable":true,"href":"https:\/\/sportfriendlyproject.com\/fr\/wp-json\/wp\/v2\/tags?post=1475"}],"curies":[{"name":"wp","href":"https:\/\/api.w.org\/{rel}","templated":true}]}}