{"id":1470,"date":"2024-06-06T10:50:29","date_gmt":"2024-06-06T08:50:29","guid":{"rendered":"https:\/\/sportfriendlyproject.com\/?p=1470"},"modified":"2025-04-23T16:08:18","modified_gmt":"2025-04-23T14:08:18","slug":"jeremy-clamy-edroux-fr","status":"publish","type":"post","link":"https:\/\/sportfriendlyproject.com\/fr\/jeremy-clamy-edroux\/","title":{"rendered":"J\u00e9r\u00e9my Clamy-Edroux"},"content":{"rendered":"\n<h2 class=\"wp-block-heading\"><strong>\u00a1J\u00e9r\u00e9my Clamy-Edroux se desmarca de los tab\u00faes en el mundo del rugby! Taclea la homofobia en la cancha y en la tele.<\/strong><\/h2>\n\n\n\n<div style=\"height:22px\" aria-hidden=\"true\" class=\"wp-block-spacer\"><\/div>\n\n\n\n<hr class=\"wp-block-separator has-alpha-channel-opacity\"\/>\n\n\n\n<div style=\"height:22px\" aria-hidden=\"true\" class=\"wp-block-spacer\"><\/div>\n\n\n\n<p><em>El ex pilar del Rouen Normandie Rugby de la ProD2 es el primer jugador de rugby activo de Francia que habla p\u00fablicamente de su homosexualidad.<\/em> <em>Ha decidido salir del cl\u00f3set junto a otros 6 deportistas en el documental \u00abFaut qu&#8217;on parle\u00bb [Tenemos que hablar].<\/em> <em>Charlamos con el jugador que sigue rompiendo tab\u00faes tanto en los medios de comunicaci\u00f3n como en la vida cotidiana.<\/em><\/p>\n\n\n\n<div style=\"height:22px\" aria-hidden=\"true\" class=\"wp-block-spacer\"><\/div>\n\n\n\n<hr class=\"wp-block-separator has-alpha-channel-opacity\"\/>\n\n\n\n<div style=\"height:22px\" aria-hidden=\"true\" class=\"wp-block-spacer\"><\/div>\n\n\n\n<p><strong>En la prensa, los periodistas te presentan como \u201cel primer rugbier franc\u00e9s profesional que habla p\u00fablicamente de su homosexualidad\u201d. \u00bfSientes que eres la nueva cara de la comunidad LGBTQI+ en el mundo del rugby?<\/strong><\/p>\n\n\n\n<p>Nunca busqu\u00e9 ponerme la camiseta de \u201crugbier gay\u201d. No soy el \u00fanico, hay otros jugadores que lucen con orgullo sus colores en la cancha. Es solo que, como no juegan a nivel profesional, su salida del cl\u00f3set ha tenido menos repercusi\u00f3n. Mis compa\u00f1eros del equipo siempre estuvieron al tanto sobre mi homosexualidad, pero en 2021 se me present\u00f3 la oportunidad de revel\u00e1rsela a toda Francia, en el documental \u00abFaut qu&#8217;on parle\u00bb, sobre la homosexualidad en el deporte franc\u00e9s, producido por Canal+. Su difusi\u00f3n marc\u00f3 una nueva etapa en mi vida. Empec\u00e9 a visitar escuelas, empresas y centros de formaci\u00f3n para hablar de la diversidad. Es ah\u00ed donde me siento \u00fatil, a trav\u00e9s de la educaci\u00f3n. Sensibilizando a personas que no han tenido necesariamente acceso a este tipo de charlas, a este tipo de informaci\u00f3n. Para que puedan tener referentes. Por otro lado, la imagen que les doy contrarresta muchos de los estereotipos que pueden tener sobre la homosexualidad, por mi cuerpo, mi deporte, mi color de piel, mi pelo y mi franqueza. El mensaje llega, se escucha. Y me digo que, si sigue habiendo individuos que matan o discriminan a personas de nuestra comunidad, es porque ese mensaje no lo recibe o no lo comprende todo el mundo. Por eso es importante seguir difundi\u00e9ndolo. A los heteros no los miran mal en la calle, no los agreden ni los matan cuando van de la mano con su pareja. Sin embargo, esto les sigue pasando a las personas LGBTQI+. \u00a1Esta es mi lucha! \u00a1Lograr que se acepten las diferencias de los dem\u00e1s, en lugar de rechazarlas!&nbsp;<\/p>\n\n\n\n<p><em>\u201cCuando era m\u00e1s joven no ten\u00eda ning\u00fan modelo a seguir, ning\u00fan punto de referencia, nadie con quien identificarme\u201d<\/em><\/p>\n\n\n\n<div style=\"height:22px\" aria-hidden=\"true\" class=\"wp-block-spacer\"><\/div>\n\n\n\n<p><strong>La nueva generaci\u00f3n de deportistas puede contar con referentes como t\u00fa para autoafirmarse.<\/strong> <strong>Esto no era as\u00ed hace s\u00f3lo unos a\u00f1os.<\/strong> <strong>\u00bfCrees que la cobertura medi\u00e1tica es necesaria para cambiar las cosas en la cancha?<\/strong><\/p>\n\n\n\n<p>Absolutamente, y por eso particip\u00e9 en este documental, porque cuando era m\u00e1s joven no ten\u00eda ning\u00fan modelo a seguir, ning\u00fan punto de referencia, nadie con quien identificarme. As\u00ed que para m\u00ed fue una oportunidad para dar un poco m\u00e1s de visibilidad a este tema, para decirles a los j\u00f3venes jugadores de rugby, homosexuales o no, que se puede practicar deporte como uno es, y que todo va a estar bien. Me sorprendi\u00f3 la repercusi\u00f3n de la emisi\u00f3n en Canal+. He recibido muchos mensajes de apoyo, felicitaciones y comentarios positivos de padres y madres, j\u00f3venes de todos los sectores sociales y adultos a los que les habr\u00eda gustado escuchar este tipo de discurso hace 20 a\u00f1os. Creo que el mundo del rugby es m\u00e1s tolerante, comparado con otras disciplinas. Incluso los jugadores rivales me han felicitado en la cancha, pero tambi\u00e9n el personal y los presidentes. Recib\u00ed el apoyo de la hinchada. As\u00ed que estoy muy contento de haber hecho este documental, aunque al principio haya dudado en comprometerme. Recib\u00ed un gran apoyo del equipo y de los otros 5 atletas que dieron su testimonio. \u00a1Es la fuerza de lo colectivo!<\/p>\n\n\n\n<div style=\"height:22px\" aria-hidden=\"true\" class=\"wp-block-spacer\"><\/div>\n\n\n\n<p><strong>\u00bfLa fuerza que te ayud\u00f3 a salir del cl\u00f3set frente a tu padre?<\/strong><\/p>\n\n\n\n<p>La verdad es que no pensaba salir en la televisi\u00f3n para anunci\u00e1rselo, pero hasta el momento no hab\u00eda tenido el coraje de dec\u00edrselo a la cara. Mi padre es un hombre pudoroso. \u00c9l, en el fondo, ya lo sospechaba, aunque tuviera esperanzas de equivocarse. En el documental, antes de m\u00ed intervenci\u00f3n, habla Amandine Buchard, una judoka que es campeona ol\u00edmpica, de las Antillas como yo. Relata el rechazo de su madre cuando le cont\u00f3 que era lesbiana. Desde ese momento, en 2017, no han tenido contacto. Fue algo espantoso para Amandine. Sus palabras conmovieron a mi padre. Despu\u00e9s sigue mi testimonio, me dirijo a mi padre para anunciarle que soy gay y que no quiero que me pase lo mismo, que no quiero perderlo. Me siento muy orgulloso de haber participado en este documental. Lo miramos juntos, el D\u00eda del Padre. Fue el 21 de junio de 2021. \u00a1Feliz d\u00eda, pap\u00e1! <em>(risas)<\/em>.<\/p>\n\n\n\n<p><em>\u201cTodo es cuesti\u00f3n de educaci\u00f3n\u201d<\/em><\/p>\n\n\n\n<figure class=\"wp-block-image size-large\"><img fetchpriority=\"high\" decoding=\"async\" width=\"681\" height=\"1024\" src=\"https:\/\/sportfriendlyproject.com\/wp-content\/uploads\/2024\/06\/Je\u0301re\u0301my-Clamy-Edroux-Sportfriendly-681x1024.jpg\" alt=\"\" class=\"wp-image-1473\" srcset=\"https:\/\/sportfriendlyproject.com\/wp-content\/uploads\/2024\/06\/Je\u0301re\u0301my-Clamy-Edroux-Sportfriendly-681x1024.jpg 681w, https:\/\/sportfriendlyproject.com\/wp-content\/uploads\/2024\/06\/Je\u0301re\u0301my-Clamy-Edroux-Sportfriendly-600x902.jpg 600w, https:\/\/sportfriendlyproject.com\/wp-content\/uploads\/2024\/06\/Je\u0301re\u0301my-Clamy-Edroux-Sportfriendly-200x300.jpg 200w, https:\/\/sportfriendlyproject.com\/wp-content\/uploads\/2024\/06\/Je\u0301re\u0301my-Clamy-Edroux-Sportfriendly-768x1155.jpg 768w, https:\/\/sportfriendlyproject.com\/wp-content\/uploads\/2024\/06\/Je\u0301re\u0301my-Clamy-Edroux-Sportfriendly-1022x1536.jpg 1022w, https:\/\/sportfriendlyproject.com\/wp-content\/uploads\/2024\/06\/Je\u0301re\u0301my-Clamy-Edroux-Sportfriendly-1362x2048.jpg 1362w, https:\/\/sportfriendlyproject.com\/wp-content\/uploads\/2024\/06\/Je\u0301re\u0301my-Clamy-Edroux-Sportfriendly-8x12.jpg 8w, https:\/\/sportfriendlyproject.com\/wp-content\/uploads\/2024\/06\/Je\u0301re\u0301my-Clamy-Edroux-Sportfriendly.jpg 1500w\" sizes=\"(max-width: 681px) 100vw, 681px\" \/><\/figure>\n\n\n\n<div style=\"height:22px\" aria-hidden=\"true\" class=\"wp-block-spacer\"><\/div>\n\n\n\n<p><strong>Para ser pilar de un equipo de rugby hay que demostrar una fortaleza f\u00edsica y mental impresionante.<\/strong> <strong>\u00bfDir\u00edas que los golpes m\u00e1s duros que has recibido han sido dentro o fuera de la cancha?<\/strong><\/p>\n\n\n\n<p>Fuera de la cancha, me escond\u00ed, me escap\u00e9 fingiendo ser heterosexual, luego bisexual. Una doble vida que podr\u00eda haber repercutido en mi rendimiento deportivo. Afortunadamente, siempre he estado bien acompa\u00f1ado, lo que me ha permitido rendir bien en la cancha. Si pierdes el tiempo ocultando algo, intentando agradar a los dem\u00e1s o encajar en un determinado ideal, toda la energ\u00eda que pones en ocultar es energ\u00eda que pierdes en la cancha. Despu\u00e9s de la difusi\u00f3n del documental, tuve la suerte de codearme con la crema del rugby franc\u00e9s, con ministros, el presidente de la Rep\u00fablica, el presidente de la Federaci\u00f3n Francesa de Rugby y el presidente de la Liga Nacional de Rugby, que me dieron su apoyo. Pero en la cancha empezaron a aparecer envidiosos. Hac\u00edan comentarios que me irritaban, hasta que un d\u00eda le respond\u00ed a uno de mis compa\u00f1eros: \u00ab\u00bfPero sabes que soy la estrella porque le dije a toda Francia que chupo pijas? \u00bfPor qu\u00e9 no haces t\u00fa lo mismo?\u00bb Y a partir de entonces volv\u00ed a ser J\u00e9r\u00e9my, el compa de rugby.<\/p>\n\n\n\n<div style=\"height:22px\" aria-hidden=\"true\" class=\"wp-block-spacer\"><\/div>\n\n\n\n<p><strong>\u00bfY de Grindr, que es sponsor del Biarritz Olympique, qu\u00e9 opinamos?<\/strong><\/p>\n\n\n\n<p>Es una asociaci\u00f3n comercial, como con cualquier otra marca que imprime su logotipo en las camisetas. Es bastante positivo que un club franc\u00e9s del Pa\u00eds Vasco, varias veces campe\u00f3n del Top 14 franc\u00e9s, contribuya a luchar contra la homofobia en una regi\u00f3n donde las actitudes son quiz\u00e1s un poco m\u00e1s conservadoras. Es una aplicaci\u00f3n de citas como cualquier otra. Despu\u00e9s de Natixis, que apoya al Racing 92 de Hauts-de-Seine, y Altrad al XV de Francia, es una de las mayores asociaciones financieras para el rugby. \u00a1Es que tiene muchos usuarios la aplicaci\u00f3n! <em>(risas)<\/em><\/p>\n\n\n\n<div style=\"height:22px\" aria-hidden=\"true\" class=\"wp-block-spacer\"><\/div>\n\n\n\n<p><strong>Todav\u00eda es demasiado habitual o\u00edr expresiones hom\u00f3fobas como \u00ab\u00a1No somos maricones!\u00bb en los entrenamientos&#8230;<\/strong> <strong>En tu opini\u00f3n, \u00bfc\u00f3mo podemos replantearnos la pr\u00e1ctica de la actividad f\u00edsica para construir un deporte realmente abierto a todos?<\/strong><\/p>\n\n\n\n<p>Todo es cuesti\u00f3n de educaci\u00f3n. He o\u00eddo tantas veces la frase \u00abno somos maricones\u00bb que he llegado a aceptarla, desgraciadamente. Pero llega un momento en que ya no puedes aceptar ese tipo de comentarios. As\u00ed que empec\u00e9 a responder \u00ab\u00a1Yo s\u00ed!\u00bb. As\u00ed la persona se siente inc\u00f3moda y se ve obligada a replantearse lo que est\u00e1 diciendo. Hay que reeducar a la gente. \u00bfQu\u00e9 quieres decir con maric\u00f3n? \u00bfd\u00e9bil? \u00bfmenos h\u00e1bil? Est\u00e1s equivocado. Si todav\u00eda tienes alguna duda, \u00a1ven conmigo a la cancha y te demostrar\u00e9 que yo, maric\u00f3n, te gano! Y si eres educador, no puedes decir cosas como \u00abcorres como una ni\u00f1a\u00bb o \u00abmi hermana corre m\u00e1s r\u00e1pido que t\u00fa\u00bb. Terminemos con esas expresiones inapropiadas e infundadas, para que los jugadores y atletas aficionados que a\u00fan no han salido del cl\u00f3set, o que se sienten diferentes, \u00a1puedan por fin sentirse incluidos!<\/p>\n\n\n\n<div style=\"height:35px\" aria-hidden=\"true\" class=\"wp-block-spacer\"><\/div>\n\n\n\n<p><strong>En cifras:<\/strong><\/p>\n\n\n\n<div style=\"height:22px\" aria-hidden=\"true\" class=\"wp-block-spacer\"><\/div>\n\n\n\n<ul class=\"wp-block-list\">\n<li><strong>3<\/strong> Su n\u00famero de camiseta<\/li>\n<\/ul>\n\n\n\n<div style=\"height:22px\" aria-hidden=\"true\" class=\"wp-block-spacer\"><\/div>\n\n\n\n<ul class=\"wp-block-list\">\n<li><strong>9<\/strong> La edad que ten\u00eda cuando jug\u00f3 al rugby por primera vez.<\/li>\n<\/ul>\n\n\n\n<div style=\"height:22px\" aria-hidden=\"true\" class=\"wp-block-spacer\"><\/div>\n\n\n\n<ul class=\"wp-block-list\">\n<li><strong>1991<\/strong> A\u00f1o de su nacimiento.<\/li>\n<\/ul>\n\n\n\n<div style=\"height:22px\" aria-hidden=\"true\" class=\"wp-block-spacer\"><\/div>\n\n\n\n<ul class=\"wp-block-list\">\n<li><strong>15<\/strong> La edad a la que sali\u00f3 del cl\u00f3set.<\/li>\n<\/ul>\n\n\n\n<div style=\"height:22px\" aria-hidden=\"true\" class=\"wp-block-spacer\"><\/div>\n\n\n\n<ul class=\"wp-block-list\">\n<li><strong>1<\/strong> El a\u00f1o que pas\u00f3 en el equipo sub-21 del Racing 92.<\/li>\n<\/ul>\n","protected":false},"excerpt":{"rendered":"<p>\u00a1J\u00e9r\u00e9my Clamy-Edroux se desmarca de los tab\u00faes en el mundo del rugby! Taclea la homofobia en la cancha y en la tele. El ex pilar del Rouen Normandie Rugby de la ProD2 es el primer jugador de rugby activo de Francia que habla p\u00fablicamente de su homosexualidad. Ha decidido salir del cl\u00f3set junto a otros [&hellip;]<\/p>\n","protected":false},"author":2,"featured_media":1472,"comment_status":"open","ping_status":"open","sticky":false,"template":"","format":"standard","meta":{"footnotes":""},"categories":[1],"tags":[],"class_list":["post-1470","post","type-post","status-publish","format-standard","has-post-thumbnail","hentry","category-entrevistas"],"_links":{"self":[{"href":"https:\/\/sportfriendlyproject.com\/fr\/wp-json\/wp\/v2\/posts\/1470","targetHints":{"allow":["GET"]}}],"collection":[{"href":"https:\/\/sportfriendlyproject.com\/fr\/wp-json\/wp\/v2\/posts"}],"about":[{"href":"https:\/\/sportfriendlyproject.com\/fr\/wp-json\/wp\/v2\/types\/post"}],"author":[{"embeddable":true,"href":"https:\/\/sportfriendlyproject.com\/fr\/wp-json\/wp\/v2\/users\/2"}],"replies":[{"embeddable":true,"href":"https:\/\/sportfriendlyproject.com\/fr\/wp-json\/wp\/v2\/comments?post=1470"}],"version-history":[{"count":7,"href":"https:\/\/sportfriendlyproject.com\/fr\/wp-json\/wp\/v2\/posts\/1470\/revisions"}],"predecessor-version":[{"id":3524,"href":"https:\/\/sportfriendlyproject.com\/fr\/wp-json\/wp\/v2\/posts\/1470\/revisions\/3524"}],"wp:featuredmedia":[{"embeddable":true,"href":"https:\/\/sportfriendlyproject.com\/fr\/wp-json\/wp\/v2\/media\/1472"}],"wp:attachment":[{"href":"https:\/\/sportfriendlyproject.com\/fr\/wp-json\/wp\/v2\/media?parent=1470"}],"wp:term":[{"taxonomy":"category","embeddable":true,"href":"https:\/\/sportfriendlyproject.com\/fr\/wp-json\/wp\/v2\/categories?post=1470"},{"taxonomy":"post_tag","embeddable":true,"href":"https:\/\/sportfriendlyproject.com\/fr\/wp-json\/wp\/v2\/tags?post=1470"}],"curies":[{"name":"wp","href":"https:\/\/api.w.org\/{rel}","templated":true}]}}