{"id":934,"date":"2024-05-29T22:37:21","date_gmt":"2024-05-29T20:37:21","guid":{"rendered":"https:\/\/sportfriendlyproject.com\/?p=934"},"modified":"2024-11-24T21:54:12","modified_gmt":"2024-11-24T20:54:12","slug":"nicolas-crosta-en","status":"publish","type":"post","link":"https:\/\/sportfriendlyproject.com\/en\/nicolas-crosta\/","title":{"rendered":"Nicol\u00e1s Crosta"},"content":{"rendered":"<h2 class=\"wp-block-heading\">Sports for assumed diversity!<\/h2>\n\n\n\n<div style=\"height:22px\" aria-hidden=\"true\" class=\"wp-block-spacer\"><\/div>\n\n\n\n<p>At the age of 40, he is one of the four athletes representing Argentina\u2019s national Paracanoe team. He started swimming and rowing as a child and today he\u2019s among the world\u2019s eight best canoeists. A career that brings the paralympic dream to life, showing that everything\u2019s possible. From his country\u2019s National Rowing Track (Pista Nacional de Remo y Centro de Deportes N\u00e1uticos), to his qualification for the Paris 2024 Paralympics, Nicol\u00e1s Crosta navigates through his personal history with the same passion he shows when paddling.<\/p>\n\n\n\n<div style=\"height:22px\" aria-hidden=\"true\" class=\"wp-block-spacer\"><\/div>\n\n\n\n<p><strong>Some people choose the word \u201cdisabled,\u201d while others prefer \u201cdifferently abled.\u201d Which term would you like me to use in this interview?<\/strong><\/p>\n\n\n\n<p>Personally, I don\u2019t like the word \u201cdisabled.\u201d I don\u2019t feel a disabled person. But I don\u2019t like the term \u201cdifferently abled\u201d either. I feel I\u2019m like any other person. We are different, but not disabled \u2014I believe each of us is skilled at their own thing. I started swimming when I was four because my sister used to go to swimming classes and I always felt fulfilled while in the water. It\u2019s a place where my lack of a leg doesn\u2019t show. I refer to it as my \u201cno-leg,\u201d and in the water, it doesn\u2019t feel like an obstacle. If I was in a wheelchair, the obstacles or setbacks from the cities that don\u2019t foster accessibility for people with reduced mobility would probably be more noticeable for me. But in my case, I can go up and down the stairs, and I can also access high-floored buses. I can move around freely. And in the water I feel free too \u2014more free, even.&nbsp;<\/p>\n\n\n\n<div style=\"height:22px\" aria-hidden=\"true\" class=\"wp-block-spacer\"><\/div>\n\n\n\n<p><strong>Do you feel that sense of freedom, both in the water and in your daily life, means rowing upstream?<\/strong><\/p>\n\n\n\n<p>I understand people see me differently and I hear people judging my situation. Recently, in my first consultation with a doctor, he said \u201cpoor thing\u201d after I answered his question about what had happened to my leg. Poor thing?!<s> <\/s>First of all, I\u2019m thankful I was born this way and I didn\u2019t have an accident when I was 20 years old. I never had that \u201cI can\u2019t do this anymore\u201d moment. That doctor has no idea I train six times a week, double shift, that I go to the gym every day and have 15 stimuli every week, like any other high-performance athlete. The fact that I\u2019m lacking a leg doesn\u2019t mean I\u2019m weak, honey. It\u2019s really sad that some people think that way. Poor them!<\/p>\n\n\n\n<div style=\"height:22px\" aria-hidden=\"true\" class=\"wp-block-spacer\"><\/div>\n\n\n\n<p><strong>Sports competitions must comprehend all diversities: sexual, social, physical. They can\u2019t just be a passive mechanism. Do you think it\u2019s the minorities\u2019 responsibility to step forward and actively ask for room for participation in sporting events?<\/strong><\/p>\n\n\n\n<p>Sports competitions must comprehend all diversities: sexual, social, physical. They can\u2019t just be a passive mechanism. Do you think it\u2019s the minorities\u2019 responsibility to step forward and actively ask for room for participation in sporting events?\nIn my opinion, significant progress has been made, but there\u2019s still a long way to go depending on each sport and professional environment. I believe that should come from the top \u2014sports institutions and political bodies should foster diversity in the world of sports.<s>s<\/s>Parasports still lack resources, but also concrete measures. As an example, during my last World Cup, in Polonia, there were four paralympic athletes while in that same competition there were 20 in the conventional category.  There\u2019s still a clear inequality in terms of accessibility in parasports, compared to conventional sports. It\u2019s paramount that this should grow into a more equal situation. And I\u2019m not even mentioning the fact that in canoeing the results are usually better in parasports.<\/p>\n\n\n\n<p><em>\u201cWe should be thinking about disregarding the term &lt;\u2018inclusion\u2019<\/em><em>&gt;<\/em><em>, because talking about inclusion unfortunately means there is exclusion\u2026\u201d<\/em><\/p>\n\n\n\n<figure class=\"wp-block-image size-large\"><img fetchpriority=\"high\" decoding=\"async\" width=\"681\" height=\"1024\" src=\"https:\/\/sportfriendlyproject.com\/wp-content\/uploads\/2024\/05\/Segunda_-Nicolas-Crosta-681x1024.webp\" alt=\"\" class=\"wp-image-935\" srcset=\"https:\/\/sportfriendlyproject.com\/wp-content\/uploads\/2024\/05\/Segunda_-Nicolas-Crosta-681x1024.webp 681w, https:\/\/sportfriendlyproject.com\/wp-content\/uploads\/2024\/05\/Segunda_-Nicolas-Crosta-600x902.webp 600w, https:\/\/sportfriendlyproject.com\/wp-content\/uploads\/2024\/05\/Segunda_-Nicolas-Crosta-200x300.webp 200w, https:\/\/sportfriendlyproject.com\/wp-content\/uploads\/2024\/05\/Segunda_-Nicolas-Crosta-768x1155.webp 768w, https:\/\/sportfriendlyproject.com\/wp-content\/uploads\/2024\/05\/Segunda_-Nicolas-Crosta-1022x1536.webp 1022w, https:\/\/sportfriendlyproject.com\/wp-content\/uploads\/2024\/05\/Segunda_-Nicolas-Crosta-1362x2048.webp 1362w, https:\/\/sportfriendlyproject.com\/wp-content\/uploads\/2024\/05\/Segunda_-Nicolas-Crosta.webp 1500w\" sizes=\"(max-width: 681px) 100vw, 681px\" \/><\/figure>\n\n\n\n<div style=\"height:22px\" aria-hidden=\"true\" class=\"wp-block-spacer\"><\/div>\n\n\n\n<p><strong>Sometimes, equality is a victory. However, don\u2019t you think we should work towards the possibility of organizing the Olympics and the Paralympics simultaneously in order to change the audience\u2019s perception of parasports?<\/strong><\/p>\n\n\n\n<p>Of course! First of all, so that us athletes can share the experience of going to the Olympics with the same people we find in World Cups, World Championships, the Pan American Games and the South American Games, where conventional sports and parasports are put together in a single event. Why doesn\u2019t this happen with the Olympics and the Paralympics? Why do the Olympics take place first and then come the Paralympics? We usually hear excuses related to logistics, but maybe the time has come to follow other competitions\u2019 examples and explore new approaches.<\/p>\n\n\n\n<p><strong>In your career, have you ever felt any limitations in your athletic development?<\/strong><\/p>\n\n\n\n<p>Being able to balance intensive training with work is difficult \u2014we spend too many hours doing physical exercise. Every athlete deserves to have the necessary time to rest after training sessions. My routine includes morning sessions, followed by going to the office, and after work I go back to paddling or the gym, which means my day ends very late. Sometimes it\u2019s difficult to carry that double load, but I need to work to survive. However, I\u2019d love to have the chance to devote myself to sports completely, free myself of the burdens of work. In order to get that, I need a scholarship or a sponsor. For the time being, the scholarship offered by Argentina\u2019s Sports Department isn\u2019t enough. In order to apply for an ENARD (Argentina\u2019s national body for high-performance athletes) scholarship, you need to have been a finalist at a World Championship. I managed to get there once last year, in Poland, but it was a World Cup.<\/p>\n\n\n\n<p><em>\u201cI never had that &lt;\u2018I can\u2019t do this anymore\u2019 moment.\u201d<\/em><em>&gt;<\/em><em>.\u201d<\/em><\/p>\n\n\n\n<div style=\"height:22px\" aria-hidden=\"true\" class=\"wp-block-spacer\"><\/div>\n\n\n\n<p><strong>Practicing high-performance sports at the age of forty is now much more than just a trend: Roger Federer, Serena Williams, Tiger Woods, Zlatan Ibrahimovic and many others keep practicing their sports at the highest of levels. What are the next challenges for you?<\/strong><\/p>\n\n\n\n<p>Thanks for reminding me that I\u2019m old! I\u2019m only 42 <em>(laughs)<\/em>In parasports, it\u2019s more common for athletes to take part in competitions at an older age, which often happens due to accidents that occur at later stages in their lives. The passing of time plays an important role. For the time being, my goal is to keep training, since the selection process to decide my qualification has already started. My performance will determine whether I can participate in Hungary\u2019s Championship, which is my last chance to get a spot at the Paralympics. And in the future, I hope they organize Paralympics for older athletes <em>(laughs)<\/em>.<\/p>\n\n\n\n<div style=\"height:35px\" aria-hidden=\"true\" class=\"wp-block-spacer\"><\/div>\n\n\n\n<p><strong>3 makings to be a paralympic athlete<\/strong><\/p>\n\n\n\n<div style=\"height:22px\" aria-hidden=\"true\" class=\"wp-block-spacer\"><\/div>\n\n\n\n<ul class=\"wp-block-list\">\n<li>Perseverance<\/li>\n<\/ul>\n\n\n\n<div style=\"height:22px\" aria-hidden=\"true\" class=\"wp-block-spacer\"><\/div>\n\n\n\n<ul class=\"wp-block-list\">\n<li>Resolve<\/li>\n<\/ul>\n\n\n\n<div style=\"height:22px\" aria-hidden=\"true\" class=\"wp-block-spacer\"><\/div>\n\n\n\n<ul class=\"wp-block-list\">\n<li>Resilience<\/li>\n<\/ul>\n\n\n\n<div style=\"height:35px\" aria-hidden=\"true\" class=\"wp-block-spacer\"><\/div>\n\n\n\n<p><strong>His track record<\/strong><\/p>\n\n\n\n<ul class=\"wp-block-list\">\n<li>2 World Cups<\/li>\n<\/ul>\n\n\n\n<div style=\"height:22px\" aria-hidden=\"true\" class=\"wp-block-spacer\"><\/div>\n\n\n\n<ul class=\"wp-block-list\">\n<li>3 World Championships<\/li>\n<\/ul>\n\n\n\n<div style=\"height:22px\" aria-hidden=\"true\" class=\"wp-block-spacer\"><\/div>\n\n\n\n<ul class=\"wp-block-list\">\n<li>2 South American Games<\/li>\n<\/ul>\n\n\n\n<div style=\"height:22px\" aria-hidden=\"true\" class=\"wp-block-spacer\"><\/div>\n\n\n\n<ul class=\"wp-block-list\">\n<li>1 Pan American Game<\/li>\n<\/ul>\n\n\n\n<p><\/p>","protected":false},"excerpt":{"rendered":"<p>\u00a1El deporte para una diversidad asumida! Con cuarenta a\u00f1os, es uno de los cuatro representantes de la Selecci\u00f3n Argentina de Paracanotaje. Desde peque\u00f1o se dedic\u00f3 a la nataci\u00f3n y al remo y hoy se encuentra entre los ochos mejores del mundo en canotaje. Una trayectoria que da vida al sue\u00f1o paral\u00edmpico, demostrando que todo es [&hellip;]<\/p>\n","protected":false},"author":2,"featured_media":935,"comment_status":"open","ping_status":"open","sticky":false,"template":"","format":"standard","meta":{"footnotes":""},"categories":[1],"tags":[],"class_list":["post-934","post","type-post","status-publish","format-standard","has-post-thumbnail","hentry","category-entrevistas"],"_links":{"self":[{"href":"https:\/\/sportfriendlyproject.com\/en\/wp-json\/wp\/v2\/posts\/934","targetHints":{"allow":["GET"]}}],"collection":[{"href":"https:\/\/sportfriendlyproject.com\/en\/wp-json\/wp\/v2\/posts"}],"about":[{"href":"https:\/\/sportfriendlyproject.com\/en\/wp-json\/wp\/v2\/types\/post"}],"author":[{"embeddable":true,"href":"https:\/\/sportfriendlyproject.com\/en\/wp-json\/wp\/v2\/users\/2"}],"replies":[{"embeddable":true,"href":"https:\/\/sportfriendlyproject.com\/en\/wp-json\/wp\/v2\/comments?post=934"}],"version-history":[{"count":3,"href":"https:\/\/sportfriendlyproject.com\/en\/wp-json\/wp\/v2\/posts\/934\/revisions"}],"predecessor-version":[{"id":3368,"href":"https:\/\/sportfriendlyproject.com\/en\/wp-json\/wp\/v2\/posts\/934\/revisions\/3368"}],"wp:featuredmedia":[{"embeddable":true,"href":"https:\/\/sportfriendlyproject.com\/en\/wp-json\/wp\/v2\/media\/935"}],"wp:attachment":[{"href":"https:\/\/sportfriendlyproject.com\/en\/wp-json\/wp\/v2\/media?parent=934"}],"wp:term":[{"taxonomy":"category","embeddable":true,"href":"https:\/\/sportfriendlyproject.com\/en\/wp-json\/wp\/v2\/categories?post=934"},{"taxonomy":"post_tag","embeddable":true,"href":"https:\/\/sportfriendlyproject.com\/en\/wp-json\/wp\/v2\/tags?post=934"}],"curies":[{"name":"wp","href":"https:\/\/api.w.org\/{rel}","templated":true}]}}