{"id":3408,"date":"2025-03-26T18:25:17","date_gmt":"2025-03-26T17:25:17","guid":{"rendered":"https:\/\/sportfriendlyproject.com\/?p=3408"},"modified":"2025-04-23T15:41:00","modified_gmt":"2025-04-23T13:41:00","slug":"sebastian-vega","status":"publish","type":"post","link":"https:\/\/sportfriendlyproject.com\/en\/sebastian-vega\/","title":{"rendered":"Sebasti\u00e1n Vega"},"content":{"rendered":"\n<h2 class=\"wp-block-heading\">Una ambici\u00f3n a la altura de la canasta<\/h2>\n\n\n\n<p><\/p>\n\n\n\n<hr class=\"wp-block-separator has-alpha-channel-opacity\"\/>\n\n\n\n<div style=\"height:22px\" aria-hidden=\"true\" class=\"wp-block-spacer\"><\/div>\n\n\n\n<p><em>Reconocido basquetbolista argentino y alero de Boca Juniors, Sebasti\u00e1n Vega se destaca como uno de los jugadores m\u00e1s experimentados y admirados de la liga argentina. Con una carrera amplia que abarca varios equipos tanto en el pa\u00eds como en el extranjero, se ha comprometido con la lucha por la igualdad y la visibilidad de la diversidad sexual en el deporte, siendo en 2020 el primer jugador de b\u00e1squet en hacer p\u00fablica su orientaci\u00f3n sexual. Hoy, para Sport Friendly, Sebasti\u00e1n nos comparte su trayectoria, desaf\u00edos y aspiraciones<\/em>.<\/p>\n\n\n\n<div style=\"height:22px\" aria-hidden=\"true\" class=\"wp-block-spacer\"><\/div>\n\n\n\n<hr class=\"wp-block-separator has-alpha-channel-opacity\"\/>\n\n\n\n<div style=\"height:22px\" aria-hidden=\"true\" class=\"wp-block-spacer\"><\/div>\n\n\n\n<p><strong>En una entrevista para el reconocido medio argentino Infobae, comentaste sobre un episodio familiar relacionado con tu salida del cl\u00f3set. \u00bfPiensas que la generaci\u00f3n de nuestros padres y abuelos, con sus prejuicios y su visi\u00f3n de la masculinidad, est\u00e1 completamente cerrada a cambiar, o crees que hay oportunidades para educar y desafiar sus perspectivas?<\/strong><\/p>\n\n\n\n<p>Para m\u00ed, la palabra clave es \u00abevolucionar\u00bb. La vida es un cambio constante y mi propio proceso para salir del cl\u00f3set fue dif\u00edcil, especialmente con mi padre, que ten\u00eda una mentalidad muy r\u00edgida sobre la sexualidad. Al principio, siempre discut\u00edamos, y \u00e9l no entend\u00eda ni aceptaba que su \u00fanico hijo var\u00f3n fuera gay. Cuando le cont\u00e9 y le present\u00e9 a mi pareja, su proceso de aceptaci\u00f3n apenas comenzaba. Llor\u00f3, se desmay\u00f3 y cuestion\u00f3 c\u00f3mo podr\u00eda seguir en el b\u00e1squet siendo gay, temiendo las reacciones en el mundo deportivo. Sin embargo, a lo largo de a\u00f1os de di\u00e1logo, paciencia y apertura de mi parte, fue cambiando. Le dije que deseaba que me acompa\u00f1ara en este camino y que su apoyo ser\u00eda importante para m\u00ed, aunque mi felicidad no dependiera de su aceptaci\u00f3n. Finalmente, decidi\u00f3 acompa\u00f1arme, incluso cuando hice p\u00fablica mi orientaci\u00f3n sexual en Instagram.&nbsp;<\/p>\n\n\n\n<div style=\"height:22px\" aria-hidden=\"true\" class=\"wp-block-spacer\"><\/div>\n\n\n\n<p><strong>\u00bfC\u00f3mo te hace sentir poder ense\u00f1arle algo a tu padre, invirtiendo el rol tradicional en el que suele ser el padre quien ense\u00f1a al hijo?<\/strong><\/p>\n\n\n\n<p>Hablar de mi padre me emociona\u2026 <em>[Se detiene]<\/em> Porque ambos hemos aprendido juntos y eso hizo que nuestro v\u00ednculo sea hoy tan hermoso. Yo cre\u00eda que las personas mayores no pod\u00edan cambiar, pero \u00e9l, a sus 70 a\u00f1os, me demostr\u00f3 lo contrario. Hubo un momento muy especial que nunca olvidar\u00e9. Antes de hacer p\u00fablica mi orientaci\u00f3n sexual, mi padre fue a ver una carrera de caballos, un ambiente bastante machista. Un hombre, que estaba borracho, se le acerc\u00f3 y le advirti\u00f3: \u201cTengo que dec\u00edrtelo, en el club se dice que tu hijo es puto <em>[maric\u00f3n]<\/em>\u201d. Mi padre, sin perder la calma y con mucha dignidad, le respondi\u00f3: \u201cMi hijo no es puto, mi hijo es gay, y estoy muy orgulloso de \u00e9l\u201d. Cuando me cont\u00f3 esto, llor\u00e9 de emoci\u00f3n. En ese momento supe que \u00e9l hab\u00eda entendido todo, que hab\u00eda cambiado por completo, y le dije que estaba orgulloso de \u00e9l. Estas experiencias nos educan a los dos y tienen un efecto en los dem\u00e1s. Mi padre, al contar su verdad con orgullo, hizo que aquel hombre tal vez cambiara algo en su manera de pensar. Creo que visibilizar nuestras historias puede hacer que, poco a poco, otros tambi\u00e9n evolucionen.<\/p>\n\n\n\n<p><em>\u201cEstamos en una generaci\u00f3n bisagra.\u201d<\/em><\/p>\n\n\n\n<figure class=\"wp-block-gallery has-nested-images columns-default is-cropped wp-block-gallery-1 is-layout-flex wp-block-gallery-is-layout-flex\">\n<figure class=\"wp-block-image size-large\"><img fetchpriority=\"high\" decoding=\"async\" width=\"681\" height=\"1024\" data-id=\"3410\" src=\"https:\/\/sportfriendlyproject.com\/wp-content\/uploads\/2025\/03\/sebastian-vega-2-681x1024.jpg\" alt=\"\" class=\"wp-image-3410\" srcset=\"https:\/\/sportfriendlyproject.com\/wp-content\/uploads\/2025\/03\/sebastian-vega-2-681x1024.jpg 681w, https:\/\/sportfriendlyproject.com\/wp-content\/uploads\/2025\/03\/sebastian-vega-2-200x300.jpg 200w, https:\/\/sportfriendlyproject.com\/wp-content\/uploads\/2025\/03\/sebastian-vega-2-768x1155.jpg 768w, https:\/\/sportfriendlyproject.com\/wp-content\/uploads\/2025\/03\/sebastian-vega-2-1022x1536.jpg 1022w, https:\/\/sportfriendlyproject.com\/wp-content\/uploads\/2025\/03\/sebastian-vega-2-1362x2048.jpg 1362w, https:\/\/sportfriendlyproject.com\/wp-content\/uploads\/2025\/03\/sebastian-vega-2-8x12.jpg 8w, https:\/\/sportfriendlyproject.com\/wp-content\/uploads\/2025\/03\/sebastian-vega-2-600x902.jpg 600w, https:\/\/sportfriendlyproject.com\/wp-content\/uploads\/2025\/03\/sebastian-vega-2.jpg 1500w\" sizes=\"(max-width: 681px) 100vw, 681px\" \/><\/figure>\n<\/figure>\n\n\n\n<div style=\"height:22px\" aria-hidden=\"true\" class=\"wp-block-spacer\"><\/div>\n\n\n\n<p><strong>A\u00f1os despu\u00e9s, en 2022, durante un partido en Santiago del Estero, te insultaron desde las tribunas con gritos de \u201cputo de mierda\u201d. \u00bfCrees que la violencia en el deporte se combate mejor con educaci\u00f3n o confrontaci\u00f3n?<\/strong><\/p>\n\n\n\n<p>Es un tema profundo. En esa ocasi\u00f3n, la respuesta fue inmediata y correcta: el \u00e1rbitro inform\u00f3 a la mesa de control, ellos avisaron a seguridad y no se reanud\u00f3 el partido hasta que sacaron a la persona de las tribunas. Fue un mensaje claro de que esos insultos ya no se toleran. Algo similar ocurri\u00f3 en un partido de Boca Juniors, donde se detuvo el juego por c\u00e1nticos ofensivos hacia un jugador. Esto muestra que los clubes deben empezar a visibilizar y educar en vez de normalizar estas conductas como parte del \u00abfolclore\u00bb. Para algunos, estos insultos son solo una estrategia para desconcentrarnos, pero ya es hora de avanzar. Es fundamental visibilizar, educar y dar pasos firmes hacia un cambio real. Aunque no se lograr\u00e1 de un d\u00eda para otro, necesitamos empezar a construir un ambiente donde este tipo de violencia no tenga lugar<strong>. <\/strong>Y ah\u00ed es donde los jugadores tambi\u00e9n tenemos un rol: \u00a1denunciar la discriminaci\u00f3n y plantar cara! \u00a1No podemos permitir que se escuche ni una sola palabra de odio!<\/p>\n\n\n\n<div style=\"height:22px\" aria-hidden=\"true\" class=\"wp-block-spacer\"><\/div>\n\n\n\n<p><strong>\u00bfY en el vestuario, sentiste alguna presi\u00f3n antes y despu\u00e9s de revelar tu orientaci\u00f3n a tus compa\u00f1eros?<\/strong><\/p>\n\n\n\n<p>Recuerdo un momento en particular: ten\u00eda unos 25 a\u00f1os, a\u00fan tratando de entender mi orientaci\u00f3n, cuando en un viaje en colectivo surgi\u00f3 un debate sobre c\u00f3mo saber si alguien es gay. Un integrante del equipo dijo que, si tuviese un compa\u00f1ero gay, no se ba\u00f1ar\u00eda en el mismo vestuario. En ese momento, yo intentaba aceptar qui\u00e9n era, pero comentarios as\u00ed me hac\u00edan sentir que no pod\u00eda ser libre. Hoy, haber logrado unir ambas partes de m\u00ed \u2014el hombre gay y el jugador de b\u00e1squet\u2014 me da una enorme tranquilidad. Era como si antes hubiera dos versiones de m\u00ed: Sebasti\u00e1n, que quer\u00eda vivir su orientaci\u00f3n libremente, y Vega, el basquetbolista estructurado que deb\u00eda cumplir expectativas. Unificar esas facetas me permiti\u00f3 finalmente sentirme pleno y en paz, enfrentando los prejuicios que antes me afectaban tanto.<\/p>\n\n\n\n<div style=\"height:22px\" aria-hidden=\"true\" class=\"wp-block-spacer\"><\/div>\n\n\n\n<p><strong>\u00bfQu\u00e9 le dir\u00edas hoy a ese compa\u00f1ero que hizo ese comentario?<\/strong><\/p>\n\n\n\n<p>Hoy, con m\u00e1s confianza y herramientas, le responder\u00eda que eso es un tema suyo, no m\u00edo. Le dir\u00eda que yo me ba\u00f1o como cualquier otro, sin faltar al respeto, y que su incomodidad es su problema. Me tom\u00f3 tiempo, pero aprend\u00ed a separar lo que es m\u00edo de lo que es suyo, y ahora puedo decirle que se haga cargo de sus propios prejuicios.<\/p>\n\n\n\n<div style=\"height:22px\" aria-hidden=\"true\" class=\"wp-block-spacer\"><\/div>\n\n\n\n<p><strong>\u00bfTe cansa ser conocido como el primer jugador de b\u00e1squet abiertamente gay en Argentina y hablar de tu orientaci\u00f3n sexual en los medios?<\/strong><\/p>\n\n\n\n<p>A veces puede ser agotador\u2026 Poner el cuerpo para ser referente implica mucha energ\u00eda, pero creo que es necesario. Al visibilizarme, s\u00e9 que puedo estar ayudando a personas en lugares lejanos o en contextos dif\u00edciles, donde todav\u00eda se condenan sus elecciones. Yo hoy tengo derechos ganados gracias a gente que en el pasado puso el cuerpo e incluso dio la vida. No me parecer\u00eda justo quedarme callado y no asumir el rol si puedo hacer que otros la pasen un poco mejor. En su momento, sent\u00eda que al no hablar era c\u00f3mplice de un ambiente machista que no compart\u00eda. Cuando finalmente decid\u00ed hacerlo p\u00fablico, fue un acto de coraje, pero vali\u00f3 la pena. Creo que debemos seguir luchando, no solo por nuestros derechos, sino tambi\u00e9n por los del colectivo trans y otras minor\u00edas. Adem\u00e1s, cada vez m\u00e1s gente, incluso quienes no pertenecen al colectivo, entiende que debemos unirnos en esta lucha para que las pr\u00f3ximas generaciones, como mis sobrinos, puedan ser ellos mismos sin limitaciones en el deporte.<\/p>\n\n\n\n<p><em>\u00a1No podemos permitir que se escuche ni una sola palabra de odio!<\/em><\/p>\n\n\n\n<div style=\"height:22px\" aria-hidden=\"true\" class=\"wp-block-spacer\"><\/div>\n\n\n\n<p><strong>Hablaste de luchas pasadas. \u00bfCrees que hoy es necesario volver a visibilizar lo que ya pas\u00f3?&nbsp;<\/strong><\/p>\n\n\n\n<p>Yo creo que es fundamental recordar nuestra historia y entender de d\u00f3nde venimos. A m\u00ed me cost\u00f3 comprender por qu\u00e9 exist\u00eda el orgullo hasta que le\u00ed una entrevista que explicaba que fuimos &#8216;criados para la verg\u00fcenza&#8217;. Eso me hizo reflexionar sobre por qu\u00e9 sent\u00eda verg\u00fcenza de quien era. Con el tiempo, el apoyo de amigos del colectivo y el proceso de aceptaci\u00f3n, pude sentirme realmente orgulloso de ser quien soy. Antes, en la televisi\u00f3n, el personaje gay era siempre el estereotipo d\u00e9bil y eso nos hac\u00eda creer que no pod\u00edamos aspirar a nada. Pero ahora es diferente: puedo decir que soy gay, soy deportista profesional y estoy orgulloso. Creo que visibilizar esta historia sigue siendo necesario, porque, aunque hemos ganado derechos, a\u00fan falta. Estamos en una generaci\u00f3n bisagra que abri\u00f3 las puertas para hablar de todo esto y educar, dejando un camino para que las futuras generaciones contin\u00faen la lucha y sigan avanzando.<\/p>\n\n\n\n<div style=\"height:22px\" aria-hidden=\"true\" class=\"wp-block-spacer\"><\/div>\n\n\n\n<p><strong>Has jugado en varios equipos, tanto en el extranjero como en Argentina, y ahora est\u00e1s en Boca Juniors, uno de los clubes m\u00e1s importantes del mundo. \u00bfQu\u00e9 le dir\u00edas al Sebasti\u00e1n de 5 a\u00f1os, que reci\u00e9n empezaba en el b\u00e1squet, al ver todo lo que has logrado y el camino recorrido?<\/strong><\/p>\n\n\n\n<p>Le dir\u00eda que est\u00e9 orgulloso de quien es y que conf\u00ede en el tiempo, aunque a veces sea dif\u00edcil. <em>[Se detiene.]<\/em> Pasar\u00e1s por momentos complicados&#8230; entre aceptar tu sexualidad y superar las dificultades econ\u00f3micas de tu familia, pero el deporte transformar\u00e1 tu vida. Te permitir\u00e1 trabajar en lo que amas, estudiar, viajar y vivir experiencias que nunca habr\u00edas imaginado. Adem\u00e1s, siempre tendr\u00e1s personas a tu lado, personas cercanas \u2014tu pareja, tus amigos, tu familia\u2014 que te dar\u00e1n el impulso necesario cuando sientas que no puedes m\u00e1s. La vida de deportista ser\u00e1 a veces solitaria, pero rodearte de personas que te apoyan marcar\u00e1 toda la diferencia. Todo lo que vivas valdr\u00e1 la pena, y esas personas siempre estar\u00e1n ah\u00ed para record\u00e1rtelo. Eso es lo que me gustar\u00eda decirle.<\/p>\n\n\n\n<div style=\"height:22px\" aria-hidden=\"true\" class=\"wp-block-spacer\"><\/div>\n\n\n\n<hr class=\"wp-block-separator has-alpha-channel-opacity\"\/>\n\n\n\n<div style=\"height:22px\" aria-hidden=\"true\" class=\"wp-block-spacer\"><\/div>\n\n\n\n<p><strong>Quiz Sebasti\u00e1n Vega<\/strong><\/p>\n\n\n\n<div style=\"height:22px\" aria-hidden=\"true\" class=\"wp-block-spacer\"><\/div>\n\n\n\n<p><strong>\u00bfQu\u00e9 deportista ha inspirado m\u00e1s tu carrera?<\/strong><\/p>\n\n\n\n<p>Roger Federer<\/p>\n\n\n\n<div style=\"height:22px\" aria-hidden=\"true\" class=\"wp-block-spacer\"><\/div>\n\n\n\n<p><strong>\u00bfQu\u00e9 estilo de juego prefieres adoptar en la cancha?<\/strong><\/p>\n\n\n\n<p>Juego colectivo<\/p>\n\n\n\n<div style=\"height:22px\" aria-hidden=\"true\" class=\"wp-block-spacer\"><\/div>\n\n\n\n<p><strong>\u00bfCu\u00e1l ha sido el momento m\u00e1s significativo de tu carrera hasta ahora?<\/strong><\/p>\n\n\n\n<p>Mi \u00faltimo campeonato<\/p>\n\n\n\n<div style=\"height:22px\" aria-hidden=\"true\" class=\"wp-block-spacer\"><\/div>\n\n\n\n<p><strong>\u00bfFuera del basquetbol, qu\u00e9 te apasiona?<\/strong><\/p>\n\n\n\n<p>Salir a tomar caf\u00e9 con mis amigos y aprender cosas nuevas<br><\/p>\n\n\n\n<div style=\"height:0px\" aria-hidden=\"true\" class=\"wp-block-spacer\"><\/div>\n\n\n\n<p><\/p>\n","protected":false},"excerpt":{"rendered":"<p>Una ambici\u00f3n a la altura de la canasta Reconocido basquetbolista argentino y alero de Boca Juniors, Sebasti\u00e1n Vega se destaca como uno de los jugadores m\u00e1s experimentados y admirados de la liga argentina. Con una carrera amplia que abarca varios equipos tanto en el pa\u00eds como en el extranjero, se ha comprometido con la lucha [&hellip;]<\/p>\n","protected":false},"author":2,"featured_media":3439,"comment_status":"open","ping_status":"open","sticky":false,"template":"","format":"standard","meta":{"footnotes":""},"categories":[1],"tags":[],"class_list":["post-3408","post","type-post","status-publish","format-standard","has-post-thumbnail","hentry","category-entrevistas"],"_links":{"self":[{"href":"https:\/\/sportfriendlyproject.com\/en\/wp-json\/wp\/v2\/posts\/3408","targetHints":{"allow":["GET"]}}],"collection":[{"href":"https:\/\/sportfriendlyproject.com\/en\/wp-json\/wp\/v2\/posts"}],"about":[{"href":"https:\/\/sportfriendlyproject.com\/en\/wp-json\/wp\/v2\/types\/post"}],"author":[{"embeddable":true,"href":"https:\/\/sportfriendlyproject.com\/en\/wp-json\/wp\/v2\/users\/2"}],"replies":[{"embeddable":true,"href":"https:\/\/sportfriendlyproject.com\/en\/wp-json\/wp\/v2\/comments?post=3408"}],"version-history":[{"count":8,"href":"https:\/\/sportfriendlyproject.com\/en\/wp-json\/wp\/v2\/posts\/3408\/revisions"}],"predecessor-version":[{"id":3517,"href":"https:\/\/sportfriendlyproject.com\/en\/wp-json\/wp\/v2\/posts\/3408\/revisions\/3517"}],"wp:featuredmedia":[{"embeddable":true,"href":"https:\/\/sportfriendlyproject.com\/en\/wp-json\/wp\/v2\/media\/3439"}],"wp:attachment":[{"href":"https:\/\/sportfriendlyproject.com\/en\/wp-json\/wp\/v2\/media?parent=3408"}],"wp:term":[{"taxonomy":"category","embeddable":true,"href":"https:\/\/sportfriendlyproject.com\/en\/wp-json\/wp\/v2\/categories?post=3408"},{"taxonomy":"post_tag","embeddable":true,"href":"https:\/\/sportfriendlyproject.com\/en\/wp-json\/wp\/v2\/tags?post=3408"}],"curies":[{"name":"wp","href":"https:\/\/api.w.org\/{rel}","templated":true}]}}