{"id":1475,"date":"2024-06-06T10:50:37","date_gmt":"2024-06-06T08:50:37","guid":{"rendered":"https:\/\/sportfriendlyproject.com\/?p=1475"},"modified":"2025-04-23T16:05:47","modified_gmt":"2025-04-23T14:05:47","slug":"facundo-imhoff-en","status":"publish","type":"post","link":"https:\/\/sportfriendlyproject.com\/en\/facundo-imhoff\/","title":{"rendered":"Facundo Imhoff"},"content":{"rendered":"<h2 class=\"wp-block-heading\"><strong>\u201cThe precedent has been set and now a new generation of athletes can be open about it.\u201d<\/strong><\/h2>\n\n\n\n<div style=\"height:22px\" aria-hidden=\"true\" class=\"wp-block-spacer\"><\/div>\n\n\n\n<hr class=\"wp-block-separator has-alpha-channel-opacity\"\/>\n\n\n\n<div style=\"height:22px\" aria-hidden=\"true\" class=\"wp-block-spacer\"><\/div>\n\n\n\n<p><em>When the star player in the Argentina national volleyball team was able to open up to his teammates began a story that would set a precedent and inspire many other athletes. From Argentina to Switzerland and going through Romania, professional player Imhoff explains why making his sexual orientation visible has become an act of athlete activism.<\/em><\/p>\n\n\n\n<div style=\"height:22px\" aria-hidden=\"true\" class=\"wp-block-spacer\"><\/div>\n\n\n\n<hr class=\"wp-block-separator has-alpha-channel-opacity\"\/>\n\n\n\n<div style=\"height:22px\" aria-hidden=\"true\" class=\"wp-block-spacer\"><\/div>\n\n\n\n<p><strong>Today, being open about homosexuality or any difference is still taboo in sports, and even more so in masculine team disciplines. How do you think acceptance of diversity could be fostered in the world of professional sports?<\/strong><\/p>\n\n\n\n<div style=\"height:22px\" aria-hidden=\"true\" class=\"wp-block-spacer\"><\/div>\n\n\n\n<p>I think it depends mainly on each athlete\u2019s sphere. For example, there\u2019s still too much discrimination in the environment of soccer. I don\u2019t think it\u2019s the players who discriminate against; in fact, I imagine they\u2019d be the first to accept and support a gay player. But the environment where they train and develop their career is absolutely sexist and is subject to a lot of financial pressure. Therefore, there\u2019s a whole system fostering the taboo. However, I see the volleyball world<em> <\/em>as more open. In my case, I have never been discriminated against. And that\u2019s what matters. There might be someone who doesn\u2019t like that I\u2019m gay, but what matters to me is that they don\u2019t disrespect me. I\u2019d say the true change will come with the new generation of athletes.<\/p>\n\n\n\n<div style=\"height:22px\" aria-hidden=\"true\" class=\"wp-block-spacer\"><\/div>\n\n\n\n<p><strong>Do you think education is key in this change?<\/strong><\/p>\n\n\n\n<p>I think that if children have this information in their heads since they are little, they\u2019ll normalize it. Nowadays, if a 20-year-old still asks himself if he can be openly gay while playing a sport, it\u2019s because, apparently, it hasn\u2019t been a possibility for the past 20 years. So there\u2019s a lot of wrong patterns that he has incorporated up to that age and needs to modify. On the other hand, I think the new generations are already growing up surrounded with that information and it seems natural to them. In that process, I think Comprehensive Sex Education plays a key role not only in schools, but also in a person\u2019s first steps in the sports clubs of their childhood\u2019s neighborhood. Children should already have this information in their heads.&nbsp;<\/p>\n\n\n\n<p><em>\u201cWhen I was dancing in a club, people came to me to tell me they\u2019d come out to their parents by showing them my video.\u201d<\/em><\/p>\n\n\n\n<div style=\"height:22px\" aria-hidden=\"true\" class=\"wp-block-spacer\"><\/div>\n\n\n\n<p><strong>Your Wikipedia biography mentions \u201cIn August 2019, he publicly came out as gay.\u201d How do you feel about your private life becoming public?<\/strong><\/p>\n\n\n\n<p>At first it seemed weird, because it didn\u2019t really matter where I\u2019d played or which were my athletic accomplishments. The only thing that mattered was that I was gay. It was a shock. But at the same time, I understood that it was part of the process. And that it was necessary. I always say that, in order to normalize it, you have to make it visible. And when the umpteenth gay comes out, we\u2019ll say \u201cOK, that\u2019s not interesting anymore\u201d (<em>risas<\/em>). That\u2019s when it\u2019ll become normalized, when it stops being news. But if we're still sitting here today doing this interview, it\u2019s because there\u2019s still some way to go.<\/p>\n\n\n\n<div style=\"height:22px\" aria-hidden=\"true\" class=\"wp-block-spacer\"><\/div>\n\n\n\n<p><strong>Sport psychology draws focus on mental health as a key element in high-performance sports. Do you feel that worrying about having to hide your sexual orientation has affected your performance in any way?<\/strong><\/p>\n\n\n\n<p>I think they are 100% connected. Luckily, I came out of the closet more than ten years ago and did most of my career as an openly gay athlete. At 23, I was selected as part of the Argentina national team. I feel this is connected with the fact that I opened up to my teammates in <em>Lomas de Zamora<\/em>, the year before. It\u2019s not that they called me into the team because I was \u201cgay,\u201d but because of my good performance. And I feel that my performance improved because I was open about my sexuality. Because I could live freely. Before that, the energy I spent hiding my double life made me play worse, I\u2019d been having lots of injuries. An athlete is a sum of everything, and it\u2019s important that we connect personal well-being to general performance. Luckily, nowadays there is increasing awareness on this subject.&nbsp;<\/p>\n\n\n\n<p><em>\u201cThere\u2019s still this mindset in the collective unconscious that dictates that being gay means being weak.\u201d<\/em><\/p>\n\n\n\n<figure class=\"wp-block-gallery has-nested-images columns-default is-cropped wp-block-gallery-1 is-layout-flex wp-block-gallery-is-layout-flex\">\n<figure class=\"wp-block-image size-large\"><img fetchpriority=\"high\" decoding=\"async\" width=\"681\" height=\"1024\" data-id=\"1477\" src=\"https:\/\/sportfriendlyproject.com\/wp-content\/uploads\/2024\/06\/Facundo-Imhoff_-1-Sportfriendly-681x1024.jpg\" alt=\"\" class=\"wp-image-1477\" srcset=\"https:\/\/sportfriendlyproject.com\/wp-content\/uploads\/2024\/06\/Facundo-Imhoff_-1-Sportfriendly-681x1024.jpg 681w, https:\/\/sportfriendlyproject.com\/wp-content\/uploads\/2024\/06\/Facundo-Imhoff_-1-Sportfriendly-600x902.jpg 600w, https:\/\/sportfriendlyproject.com\/wp-content\/uploads\/2024\/06\/Facundo-Imhoff_-1-Sportfriendly-200x300.jpg 200w, https:\/\/sportfriendlyproject.com\/wp-content\/uploads\/2024\/06\/Facundo-Imhoff_-1-Sportfriendly-768x1155.jpg 768w, https:\/\/sportfriendlyproject.com\/wp-content\/uploads\/2024\/06\/Facundo-Imhoff_-1-Sportfriendly-1022x1536.jpg 1022w, https:\/\/sportfriendlyproject.com\/wp-content\/uploads\/2024\/06\/Facundo-Imhoff_-1-Sportfriendly-1362x2048.jpg 1362w, https:\/\/sportfriendlyproject.com\/wp-content\/uploads\/2024\/06\/Facundo-Imhoff_-1-Sportfriendly-8x12.jpg 8w, https:\/\/sportfriendlyproject.com\/wp-content\/uploads\/2024\/06\/Facundo-Imhoff_-1-Sportfriendly.jpg 1500w\" sizes=\"(max-width: 681px) 100vw, 681px\" \/><\/figure>\n<\/figure>\n\n\n\n<div style=\"height:22px\" aria-hidden=\"true\" class=\"wp-block-spacer\"><\/div>\n\n\n\n<p><strong>As part of Pride Month 2021, you posted a video on Instagram where you shared a difficult situation you experienced when you wanted to wear your hair long. Is there any hair advice you\u2019d like to share with the new generations of athletes?<\/strong><\/p>\n\n\n\n<p>I\u2019d tell them to do whatever the hell they\u2019d like. And not abide by anybody else\u2019s rules. If you want to dye their hair green, do it, but don\u2019t pay attention to anybody else\u2019s opinion. On my first day on the first team where I played professionally, the captain grabbed the hairband I used to tie my hair because I was letting it grow long. He tore it off my head, saying this was a <em>\u201cmen\u2019s\u201d<\/em> team, and that I should cut my hair for the next game. It was power abuse and it left such a big mark on me that I couldn\u2019t let my hair grow long again. It took me more than ten years to allow myself to do it again.<\/p>\n\n\n\n<div style=\"height:22px\" aria-hidden=\"true\" class=\"wp-block-spacer\"><\/div>\n\n\n\n<p><strong>Do you believe today\u2019s new generation of athletes feels the door\u2019s been opened?<\/strong><\/p>\n\n\n\n<p>It\u2019s clear that there have been changes. At a social level, there\u2019ve been great improvements in terms of rights and inclusion. However, sports is one of the fields that improved the least. If you think about it, in professional soccer, which is the most popular sport in Argentina, there still \u201caren\u2019t any gays.\u201d The same thing happens in other sports: it\u2019s only two or three of us who decided to come out \u2014for example, basketball player Sebasti\u00e1n Vega. I do think today the new generations have more tools, but it\u2019s clear that there\u2019s still a lot of fear and taboo.<\/p>\n\n\n\n<div style=\"height:22px\" aria-hidden=\"true\" class=\"wp-block-spacer\"><\/div>\n\n\n\n<p><strong>Nowadays your career is moving forward in Switzerland and you\u2019ve had a chance to be a part of several different European teams. How do you see LGBTQI+ inclusion in sports at an international level?<\/strong><\/p>\n\n\n\n<p>I\u2019ve had to start over in each new country, retell everything. I ended up having interviews, and had articles written about me as \u201cthe gay high-performance athlete.\u201d So I think this issue knows no boundaries\u2026 Except in Romania, which is a very conservative country on these matters. I didn\u2019t have any interviews there, but I had a lot of conversations about it with my teammates. And it was incredible, how they changed their mindset \u2014from the first day, when they didn\u2019t want me to share their shower, to the end of the season where they became activists within their own families and other teams. It was a tough process for me, but it\u2019s the one I enjoyed the most. Little by little, they started opening up about their own sexuality, because even sex is taboo there. But I opened a door and we were able to trust each other with lots of things they\u2019d  never been able to discuss before. It really brought us together as a group!<\/p>\n\n\n\n<div style=\"height:22px\" aria-hidden=\"true\" class=\"wp-block-spacer\"><\/div>\n\n\n\n<p><strong>You\u2019re saying a club has everything to gain by opening themselves up to diversity\u2026<\/strong><\/p>\n\n\n\n<p>Yes, it would be great for clubs or institutions to bear that in mind. A gay person isn\u2019t going to affect the team in any negative way \u2014quite the contrary, it can bring it together. In my experience with the <em>Lomas de Zamora, <\/em>team, I ended up being a role model within the team, and not only because of my performance as an athlete. The trust I developed with the other players and the connection I had with the audience transcended it. Saying \u201cI\u2019m a sissy!\u201d was character-building. There\u2019s much more behind it than just a decision.<\/p>\n\n\n\n<div style=\"height:35px\" aria-hidden=\"true\" class=\"wp-block-spacer\"><\/div>\n\n\n\n<p><strong><em>What is said about him\u2026<\/em><\/strong><\/p>\n\n\n\n<div style=\"height:22px\" aria-hidden=\"true\" class=\"wp-block-spacer\"><\/div>\n\n\n\n<p><em>\u201cI think he\u2019s an amazing being. What I like the most about Facundo is that we have one thing in common\u2014sports saved us from a lot. I admire him. I think he\u2019s an incredible person and a hell of a player.\u201d<\/em><\/p>\n\n\n\n<p>Jessica Millaman<\/p>\n\n\n\n<div style=\"height:22px\" aria-hidden=\"true\" class=\"wp-block-spacer\"><\/div>\n\n\n\n<p><strong>Her numbers:<\/strong><\/p>\n\n\n\n<div style=\"height:22px\" aria-hidden=\"true\" class=\"wp-block-spacer\"><\/div>\n\n\n\n<ul class=\"wp-block-list\">\n<li><strong>17<\/strong> The number of his team shirt.<\/li>\n<\/ul>\n\n\n\n<div style=\"height:22px\" aria-hidden=\"true\" class=\"wp-block-spacer\"><\/div>\n\n\n\n<ul class=\"wp-block-list\">\n<li><strong>9<\/strong> The age he was when he first played volleyball.<\/li>\n<\/ul>\n\n\n\n<div style=\"height:22px\" aria-hidden=\"true\" class=\"wp-block-spacer\"><\/div>\n\n\n\n<ul class=\"wp-block-list\">\n<li><strong>17<\/strong> His age at his professional debut.<\/li>\n<\/ul>\n\n\n\n<div style=\"height:22px\" aria-hidden=\"true\" class=\"wp-block-spacer\"><\/div>\n\n\n\n<ul class=\"wp-block-list\">\n<li><strong>1989 <\/strong>The year she was born.<\/li>\n<\/ul>\n\n\n\n<div style=\"height:22px\" aria-hidden=\"true\" class=\"wp-block-spacer\"><\/div>\n\n\n\n<ul class=\"wp-block-list\">\n<li><strong>22 <\/strong>His age when he came out of the closet.&nbsp;<\/li>\n<\/ul>\n\n\n\n<div style=\"height:35px\" aria-hidden=\"true\" class=\"wp-block-spacer\"><\/div>\n\n\n\n<p><strong>His track record:<\/strong><\/p>\n\n\n\n<div style=\"height:22px\" aria-hidden=\"true\" class=\"wp-block-spacer\"><\/div>\n\n\n\n<ul class=\"wp-block-list\">\n<li>Three world leagues.<\/li>\n<\/ul>\n\n\n\n<div style=\"height:22px\" aria-hidden=\"true\" class=\"wp-block-spacer\"><\/div>\n\n\n\n<ul class=\"wp-block-list\">\n<li>Champion of the German and Swiss cups.&nbsp;<\/li>\n<\/ul>\n\n\n\n<div style=\"height:22px\" aria-hidden=\"true\" class=\"wp-block-spacer\"><\/div>\n\n\n\n<ul class=\"wp-block-list\">\n<li>Champion of the Swiss and Argentine leagues.<\/li>\n<\/ul>\n\n\n\n<div style=\"height:22px\" aria-hidden=\"true\" class=\"wp-block-spacer\"><\/div>","protected":false},"excerpt":{"rendered":"<p>\u00abAhora hay precedentes y la nueva generaci\u00f3n de deportistas puede blanquearlo.\u00bb Cuando la figura de la selecci\u00f3n argentina de v\u00f3ley pudo hablar con sus compa\u00f1eros, inici\u00f3 una historia que sentar\u00eda precedentes e inspirar\u00eda a muchos otros deportistas. De Argentina a Suiza, pasando por Rumania, el deportista profesional nos cuenta por qu\u00e9 visibilizar su orientaci\u00f3n sexual [&hellip;]<\/p>\n","protected":false},"author":2,"featured_media":1476,"comment_status":"open","ping_status":"open","sticky":false,"template":"","format":"standard","meta":{"footnotes":""},"categories":[1],"tags":[],"class_list":["post-1475","post","type-post","status-publish","format-standard","has-post-thumbnail","hentry","category-entrevistas"],"_links":{"self":[{"href":"https:\/\/sportfriendlyproject.com\/en\/wp-json\/wp\/v2\/posts\/1475","targetHints":{"allow":["GET"]}}],"collection":[{"href":"https:\/\/sportfriendlyproject.com\/en\/wp-json\/wp\/v2\/posts"}],"about":[{"href":"https:\/\/sportfriendlyproject.com\/en\/wp-json\/wp\/v2\/types\/post"}],"author":[{"embeddable":true,"href":"https:\/\/sportfriendlyproject.com\/en\/wp-json\/wp\/v2\/users\/2"}],"replies":[{"embeddable":true,"href":"https:\/\/sportfriendlyproject.com\/en\/wp-json\/wp\/v2\/comments?post=1475"}],"version-history":[{"count":13,"href":"https:\/\/sportfriendlyproject.com\/en\/wp-json\/wp\/v2\/posts\/1475\/revisions"}],"predecessor-version":[{"id":3523,"href":"https:\/\/sportfriendlyproject.com\/en\/wp-json\/wp\/v2\/posts\/1475\/revisions\/3523"}],"wp:featuredmedia":[{"embeddable":true,"href":"https:\/\/sportfriendlyproject.com\/en\/wp-json\/wp\/v2\/media\/1476"}],"wp:attachment":[{"href":"https:\/\/sportfriendlyproject.com\/en\/wp-json\/wp\/v2\/media?parent=1475"}],"wp:term":[{"taxonomy":"category","embeddable":true,"href":"https:\/\/sportfriendlyproject.com\/en\/wp-json\/wp\/v2\/categories?post=1475"},{"taxonomy":"post_tag","embeddable":true,"href":"https:\/\/sportfriendlyproject.com\/en\/wp-json\/wp\/v2\/tags?post=1475"}],"curies":[{"name":"wp","href":"https:\/\/api.w.org\/{rel}","templated":true}]}}